{"id":14129,"date":"2020-11-19T14:34:23","date_gmt":"2020-11-19T17:34:23","guid":{"rendered":"https:\/\/www.editorasolucao.com.br\/blog\/?p=14129"},"modified":"2020-11-19T14:34:26","modified_gmt":"2020-11-19T17:34:26","slug":"concurso-codem-belem-pa-a-comissao-organizadora-foi-formada","status":"publish","type":"post","link":"https:\/\/www.editorasolucao.com.br\/blog\/noticia\/concurso-codem-belem-pa-a-comissao-organizadora-foi-formada","title":{"rendered":"Concurso CODEM Bel\u00e9m-PA: A Comiss\u00e3o organizadora foi formada!"},"content":{"rendered":"\n<p><strong>Ol\u00e1 <a rel=\"noreferrer noopener\" aria-label=\"concurseiros (abre em uma nova aba)\" href=\"https:\/\/www.editorasolucao.com.br\" target=\"_blank\">concurseiros<\/a><\/strong> que se interessam em realizar o <strong>Concurso CODEM Bel\u00e9m-PA<\/strong> (Companhia de Desenvolvimento e Administra\u00e7\u00e3o da \u00e1rea metropolitana de Bel\u00e9m, no estado do <a href=\"https:\/\/www.editorasolucao.com.br\/blog\/concursos-previstos-pa\" target=\"_blank\" rel=\"noreferrer noopener\" aria-label=\"Par\u00e1 (abre em uma nova aba)\">Par\u00e1<\/a>). A Comiss\u00e3o organizadora est\u00e1 formada e ter\u00e1 a responsabilidade de ficar por conta dos estudos e andamento do certame.<\/p>\n\n\n\n<p>A defini\u00e7\u00e3o da Comiss\u00e3o foi publicada no Di\u00e1rio Oficial do Munic\u00edpio, segundo a Portaria N\u00ba 144\/2020. O grupo conta com quatro servidores, sendo eles: <\/p>\n\n\n\n<ul><li>V\u00e2nia Cristina Palheta Amaral Fidalgo \u2013 Titular<\/li><li> Lu\u00eds Guilherme Carvalho Brasil Cunha \u2013 Titular<\/li><li> Janete Dutra Silva \u2013 Suplente <\/li><li> Ana L\u00facia da Cruz Ferreira Lima \u2013 Suplente <\/li><\/ul>\n\n\n\n<h2 class=\"wp-block-heading\">Concurso CODEM Bel\u00e9m <\/h2>\n\n\n\n<p>A quantidade de vagas e os cargos que ser\u00e3o ofertados ainda n\u00e3o foram divulgados, por\u00e9m, a defini\u00e7\u00e3o deve sair ap\u00f3s a conclus\u00e3o dos estudos da Comiss\u00e3o. <\/p>\n\n\n\n<h2 class=\"wp-block-heading\">\u00daltimo Concurso CODEM Bel\u00e9m <\/h2>\n\n\n\n<p>O \u00faltimo certame da Companhia ocorreu no ano de <strong>2017<\/strong>. Na \u00e9poca foram ofertadas <strong>17 vagas para candidatos de n\u00edveis M\u00e9dio, T\u00e9cnico e Superior<\/strong>. As oportunidades foram distribu\u00eddas da seguinte forma: <\/p>\n\n\n\n<p><strong>N\u00edvel M\u00e9dio<\/strong><\/p>\n\n\n\n<ul><li>Auxiliar de Suporte \u2013 Assistente Administrativo: 02 vagas;<\/li><\/ul>\n\n\n\n<p><\/p>\n\n\n\n<p><strong>N\u00edvel T\u00e9cnico<\/strong><\/p>\n\n\n\n<ul><li>T\u00e9cnico de Suporte: 01 vaga;<\/li><li>  T\u00e9cnico Fundi\u00e1rio: 02 vagas;<\/li><\/ul>\n\n\n\n<p><\/p>\n\n\n\n<p><strong>N\u00edvel Superior<\/strong><\/p>\n\n\n\n<ul><li>Analista de Planejamento de Desenvolvimento: 01 vaga;<\/li><li> Analista Fundi\u00e1rio: 05 vagas;<\/li><li> Analista T\u00e9cnico: 06 vagas. <\/li><\/ul>\n\n\n\n<h2 class=\"wp-block-heading\">Provas do Concurso Codem Bel\u00e9m PA<\/h2>\n\n\n\n<p>O certame foi composto pelas seguintes etapas: <\/p>\n\n\n\n<ul><li><strong>Prova Objetiva<\/strong>, de car\u00e1ter eliminat\u00f3rio e classificat\u00f3rio (para todos os cargos);<\/li><li> <strong>Prova Discursiva<\/strong>, de car\u00e1ter eliminat\u00f3rio e classificat\u00f3rio (para os cargos de Analista Fundi\u00e1rio \u2013 Advogado e Analista T\u00e9cnico \u2013 Analista de Sistemas;<\/li><li> <strong>Prova de T\u00edtulos<\/strong>, de car\u00e1ter classificat\u00f3rio (para os cargos de Analista Fundi\u00e1rio \u2013 Advogado e Analista T\u00e9cnico \u2013 Analista de Sistemas (classificat\u00f3ria).<\/li><\/ul>\n\n\n\n<p><\/p>\n\n\n\n<p>A <strong>Prova Objetiva<\/strong> contou com 50 quest\u00f5es de m\u00faltipla escolha. As disciplinas que versar\u00e3o as provas foram: <\/p>\n\n\n\n<p><strong>Todos os cargos de N\u00edvel M\u00e9dio e T\u00e9cnico, exceto T\u00e9cnico de Suporte \u2013 T\u00e9cnico em Inform\u00e1tica<\/strong><\/p>\n\n\n\n<ul><li>L\u00edngua Portuguesa \u2013 10 quest\u00f5es, peso 4<\/li><li> Matem\u00e1tica \u2013 5 quest\u00f5es, peso 4<\/li><li> Atualidades \u2013 5 quest\u00f5es, peso 4<\/li><li> Legisla\u00e7\u00e3o \u2013 5 quest\u00f5es, peso 2<\/li><li> No\u00e7\u00f5es de Inform\u00e1tica \u2013 5 quest\u00f5es, peso 2<\/li><li> Conhecimentos Espec\u00edficos \u2013 20 quest\u00f5es, peso 5<\/li><\/ul>\n\n\n\n<p><\/p>\n\n\n\n<p><strong>T\u00e9cnico de Suporte \u2013 T\u00e9cnico em Inform\u00e1tica<\/strong><\/p>\n\n\n\n<ul><li>L\u00edngua Portuguesa \u2013 10 quest\u00f5es, peso 4<\/li><li> Matem\u00e1tica \u2013 5 quest\u00f5es, peso 4<\/li><li> Atualidades \u2013 5 quest\u00f5es, peso 4<\/li><li> Legisla\u00e7\u00e3o \u2013 5 quest\u00f5es, peso 4<\/li><li> Conhecimentos Espec\u00edficos \u2013 25 quest\u00f5es, peso 4<\/li><\/ul>\n\n\n\n<p><\/p>\n\n\n\n<p><strong>Todos os cargos de N\u00edvel Superior, exceto Analista Fundi\u00e1rio \u2013 Advogado e Analista T\u00e9cnico \u2013 Analista de Sistemas<\/strong><\/p>\n\n\n\n<ul><li>L\u00edngua Portuguesa \u2013 10 quest\u00f5es, peso 4<\/li><li> Atualidades \u2013 5 quest\u00f5es, peso 4<\/li><li> Legisla\u00e7\u00e3o \u2013 5 quest\u00f5es, peso 4<\/li><li> No\u00e7\u00f5es de Inform\u00e1tica \u2013 5 quest\u00f5es, peso 4<\/li><li> Conhecimentos Espec\u00edficos \u2013 25 quest\u00f5es, peso 4<\/li><\/ul>\n\n\n\n<p><\/p>\n\n\n\n<p><strong>Analista Fundi\u00e1rio \u2013 Advogado<\/strong><\/p>\n\n\n\n<ul><li>L\u00edngua Portuguesa \u2013 15 quest\u00f5es, peso 4<\/li><li> Atualidades \u2013 5 quest\u00f5es, peso 4<\/li><li> No\u00e7\u00f5es de Inform\u00e1tica \u2013 5 quest\u00f5es, peso 4<\/li><li> Conhecimentos Espec\u00edficos \u2013 25 quest\u00f5es, peso 4<\/li><\/ul>\n\n\n\n<p><\/p>\n\n\n\n<p><strong>Analista T\u00e9cnico \u2013 Analista de Sistemas<\/strong><\/p>\n\n\n\n<ul><li>L\u00edngua Portuguesa \u2013 15 quest\u00f5es, peso 4<\/li><li> Atualidades \u2013 5 quest\u00f5es, peso 4<\/li><li> Legisla\u00e7\u00e3o \u2013 5 quest\u00f5es, peso 4<\/li><li> Conhecimentos Espec\u00edficos \u2013 25 quest\u00f5es, peso 4<\/li><\/ul>\n\n\n\n<p><\/p>\n\n\n\n<p>Para ser considerado habilitado, o candidato precisou obter no m\u00ednimo 60% do conjunto das disciplinas de conhecimentos gerais e de 60% no conjunto das disciplinas de conhecimentos espec\u00edficos.<\/p>\n\n\n\n<p>A <strong>Prova Discursiva<\/strong> foi composta por 1 (uma) quest\u00e3o de Conhecimentos Espec\u00edficos, de acordo com o conte\u00fado program\u00e1tico do respectivo cargo. O candidato disp\u00f4s de, no m\u00ednimo, 15 linhas e no m\u00e1ximo 30 linhas, para elaborar a resposta da quest\u00e3o.<\/p>\n\n\n\n<p>Com pontua\u00e7\u00e3o m\u00e1xima de 20 pontos, foi necess\u00e1rio obter no m\u00ednimo 60% da nota.<\/p>\n\n\n\n<p><\/p>\n\n\n\n<p style=\"text-align:center\"><strong>Conte\u00fado Program\u00e1tico<\/strong> <\/p>\n\n\n\n<ul><li>L\u00edngua portuguesa: Compreens\u00e3o e interpreta\u00e7\u00e3o de texto. Tipologia e g\u00eaneros textuais. Figuras de linguagem. Significa\u00e7\u00e3o de palavras e express\u00f5es. Rela\u00e7\u00f5es de sinon\u00edmia e de anton\u00edmia. Ortografia. Acentua\u00e7\u00e3o gr\u00e1fica. Uso da crase. Divis\u00e3o sil\u00e1bica. Fon\u00e9tica e Fonologia: som e fonema, encontros voc\u00e1licos e consonantais e d\u00edgrafos. Morfologia: classes de palavras vari\u00e1veis e invari\u00e1veis e seus empregos no texto. Locu\u00e7\u00f5es verbais (per\u00edfrases verbais). Fun\u00e7\u00f5es do que e do se. Forma\u00e7\u00e3o de palavras. Elementos de comunica\u00e7\u00e3o. Sintaxe: rela\u00e7\u00f5es sint\u00e1tico-sem\u00e2nticas estabelecidas entre ora\u00e7\u00f5es, per\u00edodos ou par\u00e1grafos (per\u00edodo simples e per\u00edodo composto por coordena\u00e7\u00e3o e subordina\u00e7\u00e3o). Concord\u00e2ncia verbal e nominal. Reg\u00eancia verbal e nominal. Coloca\u00e7\u00e3o pronominal. Emprego dos sinais de pontua\u00e7\u00e3o e sua fun\u00e7\u00e3o no texto. Elementos de coes\u00e3o. Fun\u00e7\u00e3o textual dos voc\u00e1bulos. Varia\u00e7\u00e3o lingu\u00edstica. <\/li><li>Matem\u00e1tica: Racioc\u00ednio L\u00f3gico e matem\u00e1tico: Resolu\u00e7\u00e3o de problemas envolvendo fra\u00e7\u00f5es, conjuntos, porcentagens, sequ\u00eancias (com n\u00fameros, com figuras, de palavras). Racioc\u00ednio l\u00f3gico-matem\u00e1tico: proposi\u00e7\u00f5es, conectivos, equival\u00eancia e implica\u00e7\u00e3o l\u00f3gica, argumentos v\u00e1lidos. <\/li><li>Atualidades: Aspectos gerais do Brasil, do Estado do Par\u00e1 e do munic\u00edpio de Bel\u00e9m. Tem\u00e1ticas atuais, relevantes e amplamente divulgadas referentes \u00e0 Hist\u00f3ria e Geografia do Brasil, do Par\u00e1 e do munic\u00edpio de Bel\u00e9m. Dom\u00ednio de t\u00f3picos atuais e relevantes de diversas \u00e1reas, tais como: economia, sociedade, educa\u00e7\u00e3o, tecnologia, energia, rela\u00e7\u00f5es internacionais, desenvolvimento sustent\u00e1vel, seguran\u00e7a, artes e literatura e suas vincula\u00e7\u00f5es hist\u00f3ricas. Fatos da atualidade: locais e nacionais.<\/li><li> Legisla\u00e7\u00e3o: No\u00e7\u00f5es de Direito Constitucional: Constitui\u00e7\u00e3o. Conceito. Classifica\u00e7\u00e3o. A organiza\u00e7\u00e3o do Estado. Poderes e fun\u00e7\u00f5es. A Administra\u00e7\u00e3o P\u00fablica. Princ\u00edpios que a norteiam. Princ\u00edpios constitucionais da administra\u00e7\u00e3o p\u00fablica: princ\u00edpio da legalidade, impessoalidade, moralidade, publicidade, efici\u00eancia. No\u00e7\u00f5es de Direito Administrativo: Estrutura administrativa da Administra\u00e7\u00e3o P\u00fablica. Atos administrativos: conceito e requisitos do ato administrativo, atributos do ato administrativo, classifica\u00e7\u00e3o dos atos administrativos. Esp\u00e9cies de atos administrativos. Requisitos do Servi\u00e7o P\u00fablico e Direitos do Usu\u00e1rio. Responsabilidade dos servidores: responsabilidade administrativa, responsabilidade civil, responsabilidade criminal, meios de puni\u00e7\u00e3o, sequestro e perdimento de bens, enriquecimento il\u00edcito e improbidade administrativa, abuso de autoridade. Plano de Cargos, Carreiras e Remunera\u00e7\u00e3o dos empregados da Companhia de Desenvolvimento e Administra\u00e7\u00e3o da \u00c1rea Metropolitana de Bel\u00e9m (CODEM), aprovado pela Resolu\u00e7\u00e3o n\u00ba 020\/2014, de 25 de novembro de 2014, e alterado pela Resolu\u00e7\u00e3o n\u00ba 01\/2015, de 20 de janeiro de 2015, do Conselho de Administra\u00e7\u00e3o da CODEM. Estatuto Social da CODEM. Lei Ordin\u00e1ria n\u00ba 6795\/70, de 20 de abril de 1970 e altera\u00e7\u00f5es posteriores. <\/li><li>No\u00e7\u00f5es de inform\u00e1tica: Conceitos e fundamentos b\u00e1sicos. Conhecimento e utiliza\u00e7\u00e3o dos principais softwares utilit\u00e1rios (compactadores de arquivos, chat, clientes de e-mails, reprodutores de v\u00eddeo, visualizadores de imagem, antiv\u00edrus). Identifica\u00e7\u00e3o e manipula\u00e7\u00e3o de arquivos. Backup de arquivos. Conceitos b\u00e1sicos de Hardware (Placa m\u00e3e, mem\u00f3rias, processadores (CPU) e disco de armazenamento HDs, CDs e DVDs). Perif\u00e9ricos de computadores. Ambientes operacionais: Utiliza\u00e7\u00e3o dos sistemas operacionais Windows XP Profissional e Windows 7. Conceitos b\u00e1sicos sobre Linux e Software Livre. Utiliza\u00e7\u00e3o dos editores de texto (Microsoft Word e LibreOffice Writer). Utiliza\u00e7\u00e3o dos editores de planilhas (Microsoft Excel e LibreOffice Calc). Utiliza\u00e7\u00e3o do Microsoft PowerPoint. Utiliza\u00e7\u00e3o e configura\u00e7\u00e3o de e-mail no Microsoft Outlook. Conceitos de tecnologias relacionadas \u00e0 Internet e Intranet, busca e pesquisa na Web, Mecanismos de busca na Web, Navegadores de internet: Internet Explorer, Mozilla Firefox, Google Chrome. Seguran\u00e7a na Internet, V\u00edrus de computadores, Spyware, Malware, Phishing. Transfer\u00eancia de arquivos pela internet.<\/li><\/ul>\n\n\n\n<p><\/p>\n\n\n\n<p>Para mais informa\u00e7\u00f5es referentes ao Concurso CODEM Bel\u00e9m, <strong>fique atento<\/strong> as publica\u00e7\u00f5es do <strong>Blog Editora Solu\u00e7\u00e3o<\/strong>. <\/p>\n","protected":false},"excerpt":{"rendered":"<p>Ol\u00e1 concurseiros que se interessam em realizar o Concurso CODEM Bel\u00e9m-PA (Companhia de Desenvolvimento e Administra\u00e7\u00e3o da \u00e1rea metropolitana de Bel\u00e9m, no estado do Par\u00e1). A Comiss\u00e3o organizadora est\u00e1 formada e ter\u00e1 a responsabilidade de ficar por conta dos estudos e andamento do certame. A defini\u00e7\u00e3o da Comiss\u00e3o foi publicada no Di\u00e1rio Oficial do Munic\u00edpio, segundo a Portaria N\u00ba 144\/2020. O grupo conta com quatro servidores, sendo eles: V\u00e2nia Cristina Palheta Amaral Fidalgo \u2013 Titular Lu\u00eds Guilherme Carvalho Brasil Cunha \u2013 Titular Janete Dutra Silva \u2013 Suplente Ana L\u00facia da Cruz Ferreira Lima \u2013 Suplente Concurso CODEM Bel\u00e9m A quantidade&#8230;<\/p>\n","protected":false},"author":7,"featured_media":9050,"comment_status":"closed","ping_status":"closed","sticky":false,"template":"","format":"standard","meta":{"_acf_changed":false,"rank_math_lock_modified_date":false,"footnotes":""},"categories":[50],"tags":[1963,1964,1966,1965],"acf":[],"_links":{"self":[{"href":"https:\/\/www.editorasolucao.com.br\/blog\/wp-json\/wp\/v2\/posts\/14129"}],"collection":[{"href":"https:\/\/www.editorasolucao.com.br\/blog\/wp-json\/wp\/v2\/posts"}],"about":[{"href":"https:\/\/www.editorasolucao.com.br\/blog\/wp-json\/wp\/v2\/types\/post"}],"author":[{"embeddable":true,"href":"https:\/\/www.editorasolucao.com.br\/blog\/wp-json\/wp\/v2\/users\/7"}],"replies":[{"embeddable":true,"href":"https:\/\/www.editorasolucao.com.br\/blog\/wp-json\/wp\/v2\/comments?post=14129"}],"version-history":[{"count":6,"href":"https:\/\/www.editorasolucao.com.br\/blog\/wp-json\/wp\/v2\/posts\/14129\/revisions"}],"predecessor-version":[{"id":14135,"href":"https:\/\/www.editorasolucao.com.br\/blog\/wp-json\/wp\/v2\/posts\/14129\/revisions\/14135"}],"wp:featuredmedia":[{"embeddable":true,"href":"https:\/\/www.editorasolucao.com.br\/blog\/wp-json\/wp\/v2\/media\/9050"}],"wp:attachment":[{"href":"https:\/\/www.editorasolucao.com.br\/blog\/wp-json\/wp\/v2\/media?parent=14129"}],"wp:term":[{"taxonomy":"category","embeddable":true,"href":"https:\/\/www.editorasolucao.com.br\/blog\/wp-json\/wp\/v2\/categories?post=14129"},{"taxonomy":"post_tag","embeddable":true,"href":"https:\/\/www.editorasolucao.com.br\/blog\/wp-json\/wp\/v2\/tags?post=14129"}],"curies":[{"name":"wp","href":"https:\/\/api.w.org\/{rel}","templated":true}]}}