{"id":14293,"date":"2025-02-18T10:18:08","date_gmt":"2025-02-18T13:18:08","guid":{"rendered":"https:\/\/www.editorasolucao.com.br\/blog\/?p=14293"},"modified":"2025-02-18T10:18:11","modified_gmt":"2025-02-18T13:18:11","slug":"o-que-faz-um-escrivao-da-policia-federal","status":"publish","type":"post","link":"https:\/\/www.editorasolucao.com.br\/blog\/artigo\/o-que-faz-um-escrivao-da-policia-federal","title":{"rendered":"O que faz um Escriv\u00e3o da Pol\u00edcia Federal?"},"content":{"rendered":"\n<p>Com a recente autoriza\u00e7\u00e3o para o concurso da Pol\u00edcia Federal, muitos candidatos est\u00e3o se perguntando: &#8220;Quais s\u00e3o as atribui\u00e7\u00f5es dos cargos oferecidos?&#8221;. Entre as vagas de destaque, a de Escriv\u00e3o da Pol\u00edcia Federal se destaca bastante, com a oferta de <strong>160 oportunidades.<\/strong> Se voc\u00ea tem interesse em ingressar nesta carreira de prest\u00edgio, reunimos todas as informa\u00e7\u00f5es essenciais para ajud\u00e1-lo a entender as responsabilidades e requisitos do cargo. Ficou curioso? Continue lendo e descubra todos os detalhes!<\/p>\n\n\n\n<h2 class=\"wp-block-heading\">Quando ter\u00e1 um novo concurso PF para Escriv\u00e3o da Pol\u00edcia Federal? <\/h2>\n\n\n\n<p>O concurso da <a href=\"https:\/\/www.gov.br\/pf\/pt-br\" target=\"_blank\" rel=\"noreferrer noopener\">Pol\u00edcia Federal<\/a> (PF) para 2025 foi autorizado, com a publica\u00e7\u00e3o do edital prevista para at\u00e9 agosto deste ano!<\/p>\n\n\n\n<figure class=\"wp-block-image size-full\"><img loading=\"lazy\" decoding=\"async\" width=\"516\" height=\"395\" src=\"https:\/\/www.editorasolucao.com.br\/blog\/wp-content\/uploads\/2025\/02\/pf-autorizacao-1.webp\" alt=\"autoriza\u00e7\u00e3o do concurso PF para Escriv\u00e3o da Pol\u00edcia Federal\n\" class=\"wp-image-45924\"\/><\/figure>\n\n\n\n<p>A sele\u00e7\u00e3o abrir\u00e1 1.000 vagas, sendo 160 destinadas para o cargo de Escriv\u00e3o de Pol\u00edcia Federal. As provas ser\u00e3o aplicadas entre outubro e novembro de 2025, com um prazo de dois meses entre a publica\u00e7\u00e3o do edital e a data das provas.<\/p>\n\n\n\n<p>Al\u00e9m disso, o concurso tamb\u00e9m ofertar\u00e1 1.000 vagas adicionais para o ano de 2026. A organiza\u00e7\u00e3o do concurso ficar\u00e1 sob a responsabilidade da pr\u00f3pria Pol\u00edcia Federal, que definir\u00e1 as etapas do processo seletivo.<\/p>\n\n\n\n<p>Vale destacar que o concurso n\u00e3o far\u00e1 parte do CNU, e as vagas estar\u00e3o distribu\u00eddas entre diversas carreiras, como Delegado, Perito Criminal, Agente, Escriv\u00e3o e Papiloscopista.<\/p>\n\n\n\n<p>Confira a distribui\u00e7\u00e3o dessas vagas:<\/p>\n\n\n\n<ul>\n<li>Delegado de Pol\u00edcia Federal: 120 vagas<\/li>\n\n\n\n<li>Perito Criminal Federal: 69 vagas<\/li>\n\n\n\n<li>Agente de Pol\u00edcia Federal: 630 vagas<\/li>\n\n\n\n<li>Escriv\u00e3o de Pol\u00edcia Federal: 160 vagas<\/li>\n\n\n\n<li>Papiloscopista de Pol\u00edcia Federal: 21 vagas<\/li>\n<\/ul>\n\n\n\n<h2 class=\"wp-block-heading\">O que faz um Escriv\u00e3o da Pol\u00edcia Federal? <\/h2>\n\n\n\n<p>O Escriv\u00e3o da Pol\u00edcia Federal desempenha uma s\u00e9rie de atribui\u00e7\u00f5es essenciais para o bom andamento dos processos e investiga\u00e7\u00f5es dentro da institui\u00e7\u00e3o. Entre suas responsabilidades, est\u00e1 o cumprimento das formalidades processuais, como a lavratura de termos, autos e mandados, sempre observando os prazos necess\u00e1rios para o preparo, a \u00faltima\u00e7\u00e3o e a remessa dos procedimentos policiais de investiga\u00e7\u00e3o. <\/p>\n\n\n\n<p>O escriv\u00e3o tamb\u00e9m atua diretamente nos procedimentos de investiga\u00e7\u00e3o, acompanhando a autoridade policial nas dilig\u00eancias que lhe forem determinadas.<\/p>\n\n\n\n<p>Al\u00e9m disso, o cargo envolve a responsabilidade pela guarda e controle do valor das fian\u00e7as recebidas, assim como pelos objetos apreendidos durante as opera\u00e7\u00f5es. O Escriv\u00e3o da Pol\u00edcia Federal tamb\u00e9m precisa conduzir ve\u00edculos automotores quando necess\u00e1rio, assegurando que todas as atividades sejam realizadas de forma eficiente e segura. <\/p>\n\n\n\n<p>Ele ainda tem a fun\u00e7\u00e3o de cumprir medidas de seguran\u00e7a org\u00e2nica dentro das depend\u00eancias da institui\u00e7\u00e3o, garantindo a prote\u00e7\u00e3o do ambiente de trabalho.<\/p>\n\n\n\n<p>As atividades n\u00e3o se restringem a esses pontos, pois o escriv\u00e3o pode ser incumbido de outras tarefas de natureza policial e administrativa, conforme as necessidades da corpora\u00e7\u00e3o. Dessa forma, o profissional tem um papel fundamental n\u00e3o apenas no processo investigativo, mas tamb\u00e9m na execu\u00e7\u00e3o de tarefas operacionais e no cumprimento de responsabilidades administrativas dentro da Pol\u00edcia Federal.<\/p>\n\n\n\n<h2 class=\"wp-block-heading\">Requisitos b\u00e1sicos para ser um Escriv\u00e3o da Pol\u00edcia Federal<\/h2>\n\n\n\n<p>Para a investidura no cargo s\u00e3o necess\u00e1rios alguns requisitos, dentre eles est\u00e3o:<\/p>\n\n\n\n<ul>\n<li>Ter diploma, devidamente registrado, de conclus\u00e3o de curso superior em n\u00edvel de gradua\u00e7\u00e3o, fornecido por institui\u00e7\u00e3o de ensino superior reconhecida pelo MEC; <\/li>\n\n\n\n<li>Ter a nacionalidade brasileira ou portuguesa e, no caso de nacionalidade portuguesa, estar amparado pelo estatuto de igualdade entre brasileiros e portugueses, com reconhecimento do gozo dos direitos pol\u00edticos, nos termos do \u00a7 1\u00ba do artigo 12 da Constitui\u00e7\u00e3o Federal; <\/li>\n\n\n\n<li> Estar em gozo dos direitos pol\u00edticos; <\/li>\n\n\n\n<li> Estar quite com as obriga\u00e7\u00f5es militares, em caso de candidato do sexo masculino; <\/li>\n\n\n\n<li> Estar quite com as obriga\u00e7\u00f5es eleitorais; <\/li>\n\n\n\n<li> Possuir carteira de identidade civil e carteira nacional de habilita\u00e7\u00e3o, categoria \u201cB\u201d, no m\u00ednimo; <\/li>\n\n\n\n<li> Possuir os requisitos exigidos para o exerc\u00edcio do cargo, conforme edital; <\/li>\n\n\n\n<li> Ter idade m\u00ednima de 18 anos completos na data de matr\u00edcula no Curso de Forma\u00e7\u00e3o Profissional; <\/li>\n\n\n\n<li> Ter aptid\u00e3o f\u00edsica e mental para o exerc\u00edcio das atribui\u00e7\u00f5es do cargo; <\/li>\n\n\n\n<li> Ter 3 (tr\u00eas) anos de atividade jur\u00eddica ou policial, para ingresso no cargo de Delegado de Pol\u00edcia Federal.<\/li>\n<\/ul>\n\n\n\n<h2 class=\"wp-block-heading\">Quanto ganha um Escriv\u00e3o da Pol\u00edcia Federal?<\/h2>\n\n\n\n<p>A remunera\u00e7\u00e3o inicial de um Escriv\u00e3o da Pol\u00edcia Federal \u00e9 de <strong><strong>R$ 13.649,53<\/strong><\/strong>, uma \u00f3tima oportunidade para quem busca um emprego est\u00e1vel e com boas remunera\u00e7\u00f5es!<\/p>\n\n\n\n<p>Embora o sal\u00e1rio seja atrativo, ele pode ser ainda mais valorizado com os benef\u00edcios adicionais oferecidos pela corpora\u00e7\u00e3o.<\/p>\n\n\n\n<p>Al\u00e9m do sal\u00e1rio base, os escriv\u00e3es t\u00eam direito a uma s\u00e9rie de benef\u00edcios que complementam e aumentam sua remunera\u00e7\u00e3o. Dentre os mais relevantes, destacam-se:<\/p>\n\n\n\n<ul>\n<li>Aux\u00edlio-alimenta\u00e7\u00e3o<\/li>\n\n\n\n<li>Adicional de Fronteira<\/li>\n\n\n\n<li>Ressarcimento de Plano de Sa\u00fade<\/li>\n<\/ul>\n\n\n\n<p><\/p>\n\n\n\n<p>A jornada de trabalho de um Escriv\u00e3o da PF \u00e9 de 40 horas semanais, ou seja, 8 horas di\u00e1rias. <\/p>\n\n\n\n<p><\/p>\n\n\n\n<p><strong><a href=\"https:\/\/www.editorasolucao.com.br\/blog\/\" target=\"_blank\" rel=\"noreferrer noopener\">N\u00e3o perca nossas not\u00edcias!<\/a><\/strong><\/p>\n","protected":false},"excerpt":{"rendered":"<p>O concurso PF teve seu edital autorizado e ofertar\u00e1 160 vagas para o cargo de Escriv\u00e3o da Pol\u00edcia Federal. <\/p>\n","protected":false},"author":21,"featured_media":45922,"comment_status":"closed","ping_status":"closed","sticky":false,"template":"","format":"standard","meta":{"_acf_changed":false,"rank_math_lock_modified_date":false,"footnotes":""},"categories":[51],"tags":[4542],"acf":[],"_links":{"self":[{"href":"https:\/\/www.editorasolucao.com.br\/blog\/wp-json\/wp\/v2\/posts\/14293"}],"collection":[{"href":"https:\/\/www.editorasolucao.com.br\/blog\/wp-json\/wp\/v2\/posts"}],"about":[{"href":"https:\/\/www.editorasolucao.com.br\/blog\/wp-json\/wp\/v2\/types\/post"}],"author":[{"embeddable":true,"href":"https:\/\/www.editorasolucao.com.br\/blog\/wp-json\/wp\/v2\/users\/21"}],"replies":[{"embeddable":true,"href":"https:\/\/www.editorasolucao.com.br\/blog\/wp-json\/wp\/v2\/comments?post=14293"}],"version-history":[{"count":11,"href":"https:\/\/www.editorasolucao.com.br\/blog\/wp-json\/wp\/v2\/posts\/14293\/revisions"}],"predecessor-version":[{"id":45925,"href":"https:\/\/www.editorasolucao.com.br\/blog\/wp-json\/wp\/v2\/posts\/14293\/revisions\/45925"}],"wp:featuredmedia":[{"embeddable":true,"href":"https:\/\/www.editorasolucao.com.br\/blog\/wp-json\/wp\/v2\/media\/45922"}],"wp:attachment":[{"href":"https:\/\/www.editorasolucao.com.br\/blog\/wp-json\/wp\/v2\/media?parent=14293"}],"wp:term":[{"taxonomy":"category","embeddable":true,"href":"https:\/\/www.editorasolucao.com.br\/blog\/wp-json\/wp\/v2\/categories?post=14293"},{"taxonomy":"post_tag","embeddable":true,"href":"https:\/\/www.editorasolucao.com.br\/blog\/wp-json\/wp\/v2\/tags?post=14293"}],"curies":[{"name":"wp","href":"https:\/\/api.w.org\/{rel}","templated":true}]}}