{"id":14349,"date":"2020-11-25T12:28:39","date_gmt":"2020-11-25T15:28:39","guid":{"rendered":"https:\/\/www.editorasolucao.com.br\/blog\/?p=14349"},"modified":"2020-11-25T12:28:43","modified_gmt":"2020-11-25T15:28:43","slug":"o-que-faz-um-escrivao-da-pc-rn","status":"publish","type":"post","link":"https:\/\/www.editorasolucao.com.br\/blog\/artigo\/o-que-faz-um-escrivao-da-pc-rn","title":{"rendered":"O que faz um Escriv\u00e3o da PC-RN?"},"content":{"rendered":"\n<p>Um dos certames mais aguardados do ano teve seu <strong>Edital publicado!<\/strong> Trata-se do <strong><a rel=\"noreferrer noopener\" aria-label=\"Concurso (abre em uma nova aba)\" href=\"https:\/\/www.editorasolucao.com.br\" target=\"_blank\">Concurso<\/a> PC-RN<\/strong> (Pol\u00edcia Civil do <a href=\"https:\/\/www.editorasolucao.com.br\/blog\/concursos-abertos-rn\" target=\"_blank\" rel=\"noreferrer noopener\" aria-label=\"Rio Grande do Norte (abre em uma nova aba)\">Rio Grande do Norte<\/a>), que oferece <strong>301 vagas para candidatos de n\u00edvel Superior, destinadas aos cargos de Escriv\u00e3o, Agente e Delegado<\/strong>. <\/p>\n\n\n\n<p>A sele\u00e7\u00e3o teve seu Edital publicado no dia 24 de novembro de 2020. A previs\u00e3o \u00e9 que o certame seja realizado no dia <strong>07 de mar\u00e7o de 2021<\/strong>.<\/p>\n\n\n\n<p>A <strong>Editora Solu\u00e7\u00e3o<\/strong> tem feito artigos e textos com o intuito de auxiliar os candidatos a realizarem uma <strong>boa prova.<\/strong><\/p>\n\n\n\n<head>\n<style>\nbutton.css3button {\nfont-family: Arial, Helvetica, sans-serif;\nfont-size: 20px;\ncolor: #ffffff!important;\npadding: 12px 25px;\nbackground: -webkit-gradient(\nlinear, left top, left bottom,\nfrom(#0091ff),\nto(#037efa));\nbackground: linear-gradient(\ntop,\n#0091ff 0%,\n#037efa);\nborder-radius: 8px;\nborder: 0px solid #000000;\nbox-shadow:\n0px 4px 0px rgba(0,111,214,1),\ninset 0px 0px 1px rgba(84,84,84,0.5);\ntext-shadow:\n0px 0px 0px rgba(000,000,000,0.7),\n0px 0px 0px rgba(255,255,255,0.9);\n}\n\n<\/style>\n<\/head>\n<center><button type=\"button\" name=\"\" value=\"\" class=\"css3button\"><a data-cat=\"link-botao\" style=\"color:#ffffff!important; text-decoration:none;\" href=\"https:\/\/www.editorasolucao.com.br\/concurso\/pc-rn-policia-civil-do-rio-grande-do-norte\" target=\"_blank\"><strong><span style=\"color:#ffffff;\">Clique e Comece seus Estudos!<\/span><\/a><\/strong><\/button><\/center><br\/>\n\n\n\n<h2 class=\"wp-block-heading\">O que faz um Escriv\u00e3o da PC-RN?<\/h2>\n\n\n\n<p> Saiba quais s\u00e3o as atribui\u00e7\u00f5es do cargo:<\/p>\n\n\n\n<p>Dar cumprimento \u00e0s formalidades processuais, na lavratura de autos, termos, mandados e demais atos pr\u00f3prios do seu of\u00edcio definidos em lei; lavrar autos de pris\u00e3o em flagrante delito, autos de exibi\u00e7\u00e3o e apreens\u00e3o em flagrante delito e termos e boletins circunstanciados de ocorr\u00eancia, quando determinado pela autoridade policial; elaborar termos de entrega de objetos e valores apreendidos, de ordem da autoridade policial; reduzir a termo as declara\u00e7\u00f5es, os interrogat\u00f3rios, os depoimentos, os autos de pris\u00e3o em flagrante, as acarea\u00e7\u00f5es, os reconhecimentos, as resist\u00eancias, as reconstitui\u00e7\u00f5es, os recolhimentos e outros procedimentos policiais assemelhados; autuar, preparar e ordenar documentos e pe\u00e7as de inqu\u00e9ritos policiais e processos penais sob sua guarda, submetendo-os regularmente a despacho da autoridade policial; preparar ordens de servi\u00e7o, mandados de intima\u00e7\u00e3o, mandados de condu\u00e7\u00e3o coercitiva e demais documentos necess\u00e1rios \u00e0s miss\u00f5es policiais de ordem da autoridade policial e demais tarefas.<\/p>\n\n\n\n<h2 class=\"wp-block-heading\">Perfil de um Escriv\u00e3o da Pol\u00edcia Civil do Rio Grande do Norte<\/h2>\n\n\n\n<p>Algumas qualidades s\u00e3o necess\u00e1rias para que um <strong><a data-cat=\"link-cargo\" href=\"https:\/\/www.editorasolucao.com.br\/apostila\/pc-rn-prep-agente-substituto-escrivao-substituto\" target=\"_blank\" rel=\"noreferrer noopener\" aria-label=\"Escriv\u00e3o da Pol\u00edcia Civil (abre em uma nova aba)\">Escriv\u00e3o da Pol\u00edcia Civil<\/a><\/strong> tenha sucesso na carreira, sendo elas: Responsabilidade, organiza\u00e7\u00e3o, controle emocional, aten\u00e7\u00e3o dividida, planejamento, racioc\u00ednio verbal, iniciativa, trabalho em equipe, meticulosidade, aten\u00e7\u00e3o concentrada, intelig\u00eancia, relacionamento interpessoal, mem\u00f3ria visual, autoconfian\u00e7a, entre outras diversas virtudes que ser\u00e3o potencializadas com o decorrer da trajet\u00f3ria do profissional.<\/p>\n\n\n\n<h2 class=\"wp-block-heading\">Requisitos b\u00e1sicos para ser um Escriv\u00e3o da PC-RN<\/h2>\n\n\n\n<p>Para a investidura no cargo s\u00e3o necess\u00e1rios alguns requisitos, dentre eles est\u00e3o:<\/p>\n\n\n\n<ul><li>ter sido aprovado e classificado no Concurso P\u00fablico na forma estabelecida no Edital, em seus anexos e eventuais retifica\u00e7\u00f5es;<\/li><li> ter nacionalidade brasileira; no caso de nacionalidade portuguesa, estar amparado pelo estatuto de igualdade entre brasileiros e portugueses, com reconhecimento do gozo dos direitos pol\u00edticos, nos termos do \u00a71\u00ba do Art. 12 da Constitui\u00e7\u00e3o da Rep\u00fablica Federativa do Brasil e na forma do disposto no Art. 13 do Decreto n\u00ba 70.436, de 18 de abril de 1972, al\u00e9m de outros naturalizados;<\/li><li> ter idade m\u00ednima de 18 anos completos;<\/li><li> estar em pleno gozo dos direitos pol\u00edticos;<\/li><li> estar quite com as obriga\u00e7\u00f5es eleitorais e, se do sexo masculino, tamb\u00e9m com as militares;<\/li><li> firmar declara\u00e7\u00e3o de n\u00e3o estar cumprindo nem ter sofrido, no exerc\u00edcio da fun\u00e7\u00e3o p\u00fablica, penalidade por pr\u00e1tica de improbidade administrativa, aplicada por qualquer \u00f3rg\u00e3o p\u00fablico ou entidade da esfera federal, estadual ou municipal;<\/li><li> apresentar declara\u00e7\u00e3o quanto ao exerc\u00edcio de outro(s) cargo(s), emprego(s) ou fun\u00e7\u00e3o(\u00f5es) p\u00fablica(s) e sobre recebimento de proventos decorrente de aposentadoria e pens\u00e3o;<\/li><li> apresentar declara\u00e7\u00e3o de bens e valores que constituam patrim\u00f4nio;<\/li><li> firmar declara\u00e7\u00e3o de n\u00e3o estar cumprindo san\u00e7\u00e3o por inidoneidade, aplicada por qualquer \u00f3rg\u00e3o p\u00fablico ou entidade da esfera federal, estadual ou municipal;<\/li><li> firmar termo de compromisso de sigilo e confidencialidade das informa\u00e7\u00f5es;<\/li><li> ser considerado apto no exame admissional, mediante apresenta\u00e7\u00e3o dos laudos, exames e declara\u00e7\u00e3o de sa\u00fade que forem por ele exigidos;<\/li><li> apresentar diploma, devidamente registrado, de conclus\u00e3o de curso de N\u00edvel Superior, fornecido por institui\u00e7\u00e3o de ensino, reconhecida pelo Minist\u00e9rio da Educa\u00e7\u00e3o \u2013 MEC, comprovada por meio de apresenta\u00e7\u00e3o de original e c\u00f3pia do respectivo documento, para o cargo pretendido;<\/li><li> n\u00e3o ter sido condenado a pena privativa de liberdade transitada em julgado ou qualquer outra condena\u00e7\u00e3o incompat\u00edvel com a fun\u00e7\u00e3o p\u00fablica;<\/li><li> estar registrado e com a situa\u00e7\u00e3o regularizada junto ao \u00f3rg\u00e3o de conselho de classe correspondente \u00e0 sua forma\u00e7\u00e3o profissional, quando for o caso;<\/li><li> estar apto f\u00edsica e mentalmente para o exerc\u00edcio do cargo, n\u00e3o sendo, inclusive, pessoa com defici\u00eancia incompat\u00edvel com as atribui\u00e7\u00f5es deste, fato apurado pelo N\u00facleo de Per\u00edcia M\u00e9dica da FGV e pela Secretaria de Estado da Administra\u00e7\u00e3o do Rio Grande do Norte;<\/li><li> possuir Carteira Nacional de Habilita\u00e7\u00e3o a partir da categoria B, para todos os cargos;<\/li><li> n\u00e3o registrar antecedentes criminais; e<\/li><li> cumprir as determina\u00e7\u00f5es do Edital.<\/li><\/ul>\n\n\n\n<h2 class=\"wp-block-heading\">Quanto ganha um Escriv\u00e3o da PC-RN?<\/h2>\n\n\n\n<p>O cargo de <strong>Escriv\u00e3o<\/strong> conta com remunera\u00e7\u00f5es inicias de <strong>R$ 4.731,91<\/strong> e exerce uma jornada de trabalho de 40 horas semanais.<\/p>\n\n\n\n<p>Confira a p\u00e1gina do certame nesse link <strong>-> <a href=\"https:\/\/www.editorasolucao.com.br\/blog\/concurso\/pc-rn\" target=\"_blank\" rel=\"noreferrer noopener\" aria-label=\"Concurso PC-RN (abre em uma nova aba)\">Concurso PC-RN<\/a><\/strong>.<\/p>\n\n\n\n<p>Gostou do texto? Tem interesse em participar do certame? Ent\u00e3o comece a se preparar com as <strong>Apostilas Solu\u00e7\u00e3o<\/strong> e n\u00e3o deixe de conferir o nosso site.<\/p>\n\n\n\n<p style=\"text-align:center\"><strong><a data-cat=\"link-rodape\" rel=\"noreferrer noopener\" href=\"https:\/\/www.editorasolucao.com.br\/concurso\/pc-rn-policia-civil-do-rio-grande-do-norte\" target=\"_blank\">Estude com as Apostilas PC-RN e parcele SEM JUROS<\/a><\/strong><\/p>\n","protected":false},"excerpt":{"rendered":"<p>Um dos certames mais aguardados do ano teve seu Edital publicado! Trata-se do Concurso PC-RN (Pol\u00edcia Civil do Rio Grande do Norte), que oferece 301 vagas para candidatos de n\u00edvel Superior, destinadas aos cargos de Escriv\u00e3o, Agente e Delegado. A sele\u00e7\u00e3o teve seu Edital publicado no dia 24 de novembro de 2020. A previs\u00e3o \u00e9 que o certame seja realizado no dia 07 de mar\u00e7o de 2021. A Editora Solu\u00e7\u00e3o tem feito artigos e textos com o intuito de auxiliar os candidatos a realizarem uma boa prova. Clique e Comece seus Estudos! O que faz um Escriv\u00e3o da PC-RN? Saiba&#8230;<\/p>\n","protected":false},"author":7,"featured_media":13940,"comment_status":"closed","ping_status":"closed","sticky":false,"template":"","format":"standard","meta":{"_acf_changed":false,"rank_math_lock_modified_date":false,"footnotes":""},"categories":[51],"tags":[720,721,2047,2046,719],"acf":[],"_links":{"self":[{"href":"https:\/\/www.editorasolucao.com.br\/blog\/wp-json\/wp\/v2\/posts\/14349"}],"collection":[{"href":"https:\/\/www.editorasolucao.com.br\/blog\/wp-json\/wp\/v2\/posts"}],"about":[{"href":"https:\/\/www.editorasolucao.com.br\/blog\/wp-json\/wp\/v2\/types\/post"}],"author":[{"embeddable":true,"href":"https:\/\/www.editorasolucao.com.br\/blog\/wp-json\/wp\/v2\/users\/7"}],"replies":[{"embeddable":true,"href":"https:\/\/www.editorasolucao.com.br\/blog\/wp-json\/wp\/v2\/comments?post=14349"}],"version-history":[{"count":4,"href":"https:\/\/www.editorasolucao.com.br\/blog\/wp-json\/wp\/v2\/posts\/14349\/revisions"}],"predecessor-version":[{"id":14353,"href":"https:\/\/www.editorasolucao.com.br\/blog\/wp-json\/wp\/v2\/posts\/14349\/revisions\/14353"}],"wp:featuredmedia":[{"embeddable":true,"href":"https:\/\/www.editorasolucao.com.br\/blog\/wp-json\/wp\/v2\/media\/13940"}],"wp:attachment":[{"href":"https:\/\/www.editorasolucao.com.br\/blog\/wp-json\/wp\/v2\/media?parent=14349"}],"wp:term":[{"taxonomy":"category","embeddable":true,"href":"https:\/\/www.editorasolucao.com.br\/blog\/wp-json\/wp\/v2\/categories?post=14349"},{"taxonomy":"post_tag","embeddable":true,"href":"https:\/\/www.editorasolucao.com.br\/blog\/wp-json\/wp\/v2\/tags?post=14349"}],"curies":[{"name":"wp","href":"https:\/\/api.w.org\/{rel}","templated":true}]}}