{"id":15761,"date":"2021-01-06T14:36:21","date_gmt":"2021-01-06T17:36:21","guid":{"rendered":"https:\/\/www.editorasolucao.com.br\/blog\/?p=15761"},"modified":"2026-01-22T09:25:54","modified_gmt":"2026-01-22T12:25:54","slug":"concurso-pc-sp-certames-podem-ser-retomados-em-2021","status":"publish","type":"post","link":"https:\/\/www.editorasolucao.com.br\/blog\/noticia\/concurso-pc-sp-certames-podem-ser-retomados-em-2021","title":{"rendered":"Concurso PC-SP: Certames podem ser retomados em 2021!"},"content":{"rendered":"\n<p><strong>Ol\u00e1 concurseiros<\/strong> que se interessam em realizar o <strong>Concurso PC-SP<\/strong> <a href=\"https:\/\/www.editorasolucao.com.br\/blog\/concurso\/policia-civil-sp\">(Pol\u00edcia Civil de S\u00e3o Paulo).<\/a> Retomada dos certames da corpora\u00e7\u00e3o est\u00e1 sob an\u00e1lise e pode ter <strong>Editais<\/strong> publicados em <strong>2021<\/strong>. <\/p>\n\n\n\n<p>Por conta da pandemia de Covid-19, o governo de S\u00e3o Paulo expediu no dia 13 de abril, o Decreto n\u00ba 64.937. Nele, constava medidas de redu\u00e7\u00e3o de despesas com pessoal durante a vig\u00eancia do estado de calamidade p\u00fablica em decorr\u00eancia do coronav\u00edrus. <\/p>\n\n\n\n<p><\/p>\n\n\n\n<p>Durante esse per\u00edodo, os certames em andamento foram suspensos e novas nomea\u00e7\u00f5es e abertura de concursos ficaram vedadas. No dia 31 de dezembro, foi encerrado o estado de calamidade p\u00fablica em S\u00e3o Paulo, ainda sem prorroga\u00e7\u00e3o.<\/p>\n\n\n\n<p>Sendo assim, o Decreto n\u00ba 64.937 perdeu a vig\u00eancia, tornando poss\u00edvel a retomada dos certames em andamento, nomea\u00e7\u00e3o de aprovados e realiza\u00e7\u00e3o de novos concursos p\u00fablicos. A Pol\u00edcia Civil de S\u00e3o Paulo, por sua vez, j\u00e1 publicou a nomea\u00e7\u00e3o de 600 investigadores.<\/p>\n\n\n\n<h2 class=\"wp-block-heading\">Concurso PC-SP<\/h2>\n\n\n\n<p>Em <strong>2019<\/strong> foram autorizadas nada menos que<strong> 2.939 vagas<\/strong> para o novo concurso da PC-SP (Pol\u00edcia Civil de S\u00e3o Paulo).<\/p>\n\n\n\n<p>Por\u00e9m, a real necessidade de servidores para estas carreiras j\u00e1 supera <strong>7.009 vagas<\/strong>. Dessa maneira, a expectativa \u00e9 de que o governo convoque muitos candidatos remanescentes durante o prazo de validade do certame.<\/p>\n\n\n\n<p>Baseado no levantamento anual que \u00e9 divulgado no dia 20 de abril, a necessidade de pessoal tende a ser ainda maior, tendo em vista que o governo suspendeu, desde o dia 13 abril, a convoca\u00e7\u00e3o de candidatos aprovados em concursos p\u00fablicos, por meio do decreto 64.937, o que n\u00e3o impede o afastamento de servidores, por exonera\u00e7\u00f5es, aposentadorias ou falecimentos.<\/p>\n\n\n\n<p>Sendo assim, a compara\u00e7\u00e3o entre as vagas autorizadas em 2019 e a real necessidade fica dessa forma:<\/p>\n\n\n\n<ul>\n<li>Escriv\u00e3o de Pol\u00edcia, com 1.600 vagas, a real necessidade \u00e9 de 2.523 servidores;<\/li>\n\n\n\n<li> Investigador, com 900 vagas, precisaria de 3.342 profissionais;<\/li>\n\n\n\n<li> Delegado de Pol\u00edcia, com 250 vagas, a real necessidade \u00e9 de 908 vagas em aberto;<\/li>\n\n\n\n<li> M\u00e9dico Legista, com 189 vagas, necessita de 236 profissionais<\/li>\n<\/ul>\n\n\n\n<h2 class=\"wp-block-heading\">Banca organizadora do concurso PC SP<\/h2>\n\n\n\n<p>A SSP-SP afirmou, que a contrata\u00e7\u00e3o da banca organizadora do pr\u00f3ximo certame da corpora\u00e7\u00e3o est\u00e1 em andamento. A PC-SP tamb\u00e9m j\u00e1 nomeou as comiss\u00f5es respons\u00e1veis pela elabora\u00e7\u00e3o dos editais, assim como as bancas examinadoras das provas.<\/p>\n\n\n\n<p>\u201cA Pol\u00edcia Civil esclarece que as comiss\u00f5es est\u00e3o formulando os editais. As bancas j\u00e1 foram escolhidas e est\u00e1 em andamento a contrata\u00e7\u00e3o da empresa organizadora, de acordo com a Lei Estadual 10.882\/2001\u201d, informou a corpora\u00e7\u00e3o.<\/p>\n\n\n\n<p>Desde o aumento do surto da Covid-19 no pa\u00eds, a PC SP n\u00e3o tornou p\u00fablico mais nenhum ato a respeito do concurso. Ao ser questionada se os tr\u00e2mites poderiam ser afetados pela pandemia, a pasta respons\u00e1vel informou que os preparativos e etapas estavam mantidos.<\/p>\n\n\n\n<p>No final de 2019, o governador confirmou o reajuste salarial de 5% para os policiais civis, militares e t\u00e9cnicos-cient\u00edficos do Estado.<\/p>\n\n\n\n<p>Mediante o reajuste salarial, as remunera\u00e7\u00f5es para os cargos no concurso PC SP 2020, ser\u00e3o as seguintes:<\/p>\n\n\n\n<ul>\n<li>Delegado: R$ 10.382,48;<\/li>\n\n\n\n<li> M\u00e9dico Legista: R$ 8.699,94;<\/li>\n\n\n\n<li> Escriv\u00e3o: R$ 3.931,18;<\/li>\n\n\n\n<li> Investigador: R$ 3.931,18.<\/li>\n<\/ul>\n\n\n\n<p><\/p>\n\n\n\n<p>A investigadora Milene Moraes, informou que o sal\u00e1rio dos policiais civis de S\u00e3o Paulo \u00e9 composto da seguinte forma:<\/p>\n\n\n\n<ul>\n<li>Sal\u00e1rio base;<\/li>\n\n\n\n<li> Adicional de RETP (Regime Especial de Trabalho Policial);<\/li>\n\n\n\n<li> Adicional de Insalubridade;<\/li>\n\n\n\n<li> Aux\u00edlio Transporte e Alimenta\u00e7\u00e3o, em valores vari\u00e1veis.<\/li>\n<\/ul>\n\n\n\n<h2 class=\"wp-block-heading\">Sal\u00e1rios da PC-SP<\/h2>\n\n\n\n<p>Para os cargos de <strong>n\u00edvel superior:<\/strong><\/p>\n\n\n\n<p>A remunera\u00e7\u00e3o inicial para <strong>Escriv\u00e3o e Investigador<\/strong> ser\u00e1 de <strong>R$ 3.743,98<\/strong>, na casse especial o policial passa a receber <strong>R$ 5.051,50<\/strong>.<\/p>\n\n\n\n<p>J\u00e1 para <strong>Delegado<\/strong> os ganhos iniciais s\u00e3o de <strong>R$ 9.888,07<\/strong>, na classe especial de <strong>R$ 12.567,07<\/strong>.<\/p>\n\n\n\n<p>Para os cargos de <strong>n\u00edvel m\u00e9dio:<\/strong><\/p>\n\n\n\n<p><strong>Agente de Telecomunica\u00e7\u00f5es e Papiloscopista<\/strong> tem sal\u00e1rios de <strong>R$ 3.589,85<\/strong> e na classe especial pode chegar a <strong>R$ 4.441,90<\/strong>.<\/p>\n\n\n\n<p>J\u00e1 o <strong>Agente Policial e Auxiliar de Papiloscopista<\/strong> recebe sal\u00e1rios de <strong>R$ 2.905,34<\/strong>.<\/p>\n\n\n\n<h2 class=\"wp-block-heading\">Provas do concurso PC-SP<\/h2>\n\n\n\n<p>O processo de sele\u00e7\u00e3o contou com prova preambular (prova objetiva), comprova\u00e7\u00e3o de idoneidade e conduta escorreita mediante investiga\u00e7\u00e3o social. Al\u00e9m de prova pr\u00e1tica para o cargo de Escriv\u00e3o.<\/p>\n\n\n\n<p>A prova preambular versa basicamente pelas disciplinas de:<\/p>\n\n\n\n<ul>\n<li>L\u00edngua Portuguesa;<\/li>\n\n\n\n<li> No\u00e7\u00f5es de Direito;<\/li>\n\n\n\n<li> No\u00e7\u00f5es de Criminologia;<\/li>\n\n\n\n<li> No\u00e7\u00f5es de inform\u00e1tica e comunica\u00e7\u00e3o;<\/li>\n\n\n\n<li> No\u00e7\u00f5es de L\u00f3gica;<\/li>\n\n\n\n<li> Atualidades.<\/li>\n<\/ul>\n\n\n\n<h2 class=\"wp-block-heading\">\u00daltimo concurso PC SP<\/h2>\n\n\n\n<p>O \u00faltimo concurso da Pol\u00edcia Civil SP foi realizado em <strong>2018<\/strong>, com a organiza\u00e7\u00e3o da Funda\u00e7\u00e3o Vunesp. Foram <strong>2.750 vagas e registrou mais de 150 mil inscritos<\/strong> somente para os cargos de Papiloscopista e Agente de Telecomunica\u00e7\u00f5es.<\/p>\n\n\n\n<p>Os cargos contemplados foram distribu\u00eddos em <strong>sete Editais:<\/strong><\/p>\n\n\n\n<ul>\n<li>Delegado: 250 vagas;<\/li>\n\n\n\n<li> Agente: 400 vagas;<\/li>\n\n\n\n<li> Investigador: 600 vagas;<\/li>\n\n\n\n<li> Escriv\u00e3o: 800 vagas;<\/li>\n\n\n\n<li> Papiloscopista: 200 vagas;<\/li>\n\n\n\n<li> Auxiliar de Papiloscopista: 200 vagas;<\/li>\n\n\n\n<li> Agente de Telecomunica\u00e7\u00f5es: 300 vagas.<\/li>\n<\/ul>\n\n\n\n<p><\/p>\n\n\n\n<p>Para mais informa\u00e7\u00f5es referentes ao Concurso PC-SP, <strong>fique atento<\/strong> as publica\u00e7\u00f5es do<strong> Blog Editora Solu\u00e7\u00e3o<\/strong>.<\/p>\n","protected":false},"excerpt":{"rendered":"<p>Ol\u00e1 concurseiros que se interessam em realizar o Concurso PC-SP (Pol\u00edcia Civil de S\u00e3o Paulo). Retomada dos certames da corpora\u00e7\u00e3o est\u00e1 sob an\u00e1lise e pode ter Editais publicados em 2021. Por conta da pandemia de Covid-19, o governo de S\u00e3o Paulo expediu no dia 13 de abril, o Decreto n\u00ba 64.937. Nele, constava medidas de redu\u00e7\u00e3o de despesas com pessoal durante a vig\u00eancia do estado de calamidade p\u00fablica em decorr\u00eancia do coronav\u00edrus. Durante esse per\u00edodo, os certames em andamento foram suspensos e novas nomea\u00e7\u00f5es e abertura de concursos ficaram vedadas. No dia 31 de dezembro, foi encerrado o estado de&#8230;<\/p>\n","protected":false},"author":7,"featured_media":8212,"comment_status":"closed","ping_status":"closed","sticky":false,"template":"","format":"standard","meta":{"_acf_changed":false,"rank_math_lock_modified_date":false,"footnotes":""},"categories":[50],"tags":[1461,835,2431,833,2077],"acf":[],"_links":{"self":[{"href":"https:\/\/www.editorasolucao.com.br\/blog\/wp-json\/wp\/v2\/posts\/15761"}],"collection":[{"href":"https:\/\/www.editorasolucao.com.br\/blog\/wp-json\/wp\/v2\/posts"}],"about":[{"href":"https:\/\/www.editorasolucao.com.br\/blog\/wp-json\/wp\/v2\/types\/post"}],"author":[{"embeddable":true,"href":"https:\/\/www.editorasolucao.com.br\/blog\/wp-json\/wp\/v2\/users\/7"}],"replies":[{"embeddable":true,"href":"https:\/\/www.editorasolucao.com.br\/blog\/wp-json\/wp\/v2\/comments?post=15761"}],"version-history":[{"count":6,"href":"https:\/\/www.editorasolucao.com.br\/blog\/wp-json\/wp\/v2\/posts\/15761\/revisions"}],"predecessor-version":[{"id":50837,"href":"https:\/\/www.editorasolucao.com.br\/blog\/wp-json\/wp\/v2\/posts\/15761\/revisions\/50837"}],"wp:featuredmedia":[{"embeddable":true,"href":"https:\/\/www.editorasolucao.com.br\/blog\/wp-json\/wp\/v2\/media\/8212"}],"wp:attachment":[{"href":"https:\/\/www.editorasolucao.com.br\/blog\/wp-json\/wp\/v2\/media?parent=15761"}],"wp:term":[{"taxonomy":"category","embeddable":true,"href":"https:\/\/www.editorasolucao.com.br\/blog\/wp-json\/wp\/v2\/categories?post=15761"},{"taxonomy":"post_tag","embeddable":true,"href":"https:\/\/www.editorasolucao.com.br\/blog\/wp-json\/wp\/v2\/tags?post=15761"}],"curies":[{"name":"wp","href":"https:\/\/api.w.org\/{rel}","templated":true}]}}