{"id":15925,"date":"2021-01-11T15:38:17","date_gmt":"2021-01-11T18:38:17","guid":{"rendered":"https:\/\/www.editorasolucao.com.br\/blog\/?p=15925"},"modified":"2021-01-11T15:38:19","modified_gmt":"2021-01-11T18:38:19","slug":"concurso-tjm-mg-edital-do-certame-sera-retomado","status":"publish","type":"post","link":"https:\/\/www.editorasolucao.com.br\/blog\/noticia\/concurso-tjm-mg-edital-do-certame-sera-retomado","title":{"rendered":"Concurso TJM-MG: Edital do certame ser\u00e1 retomado!"},"content":{"rendered":"\n<p><strong>Ol\u00e1 <a rel=\"noreferrer noopener\" aria-label=\"concurseiros (abre em uma nova aba)\" href=\"https:\/\/www.editorasolucao.com.br\" target=\"_blank\">concurseiros<\/a><\/strong> interessados em realizar o <strong>Concurso TJM-MG<\/strong> (Tribunal de Justi\u00e7a Militar de <a href=\"https:\/\/www.editorasolucao.com.br\/blog\/concursos-abertos-mg\" target=\"_blank\" rel=\"noreferrer noopener\" aria-label=\"Minas Gerais (abre em uma nova aba)\">Minas Gerais<\/a>). A unifica\u00e7\u00e3o no quadro de servidores do \u00f3rg\u00e3o foi divulgada. Sendo assim, o certame do \u00f3rg\u00e3o ser\u00e1 retomado!<\/p>\n\n\n\n<p>Na \u00faltima quarta-feira, dia 06 de janeiro de 2021, foi aprovada a <strong>Lei 23.755<\/strong>, que teve como objetivo unificar o quadro de servidores da primeira e segunda inst\u00e2ncias do \u00f3rg\u00e3o. Sendo assim, todos os servidores do \u00f3rg\u00e3o passam a pertencer ao quadro \u00fanico denominado de Quadro de Pessoal dos Servidores da Justi\u00e7a Militar do Estado de Minas Gerais.<\/p>\n\n\n\n<head>\n<style>\nbutton.css3button {\nfont-family: Arial, Helvetica, sans-serif;\nfont-size: 20px;\ncolor: #ffffff!important;\npadding: 12px 25px;\nbackground: -webkit-gradient(\nlinear, left top, left bottom,\nfrom(#0091ff),\nto(#037efa));\nbackground: linear-gradient(\ntop,\n#0091ff 0%,\n#037efa);\nborder-radius: 8px;\nborder: 0px solid #000000;\nbox-shadow:\n0px 4px 0px rgba(0,111,214,1),\ninset 0px 0px 1px rgba(84,84,84,0.5);\ntext-shadow:\n0px 0px 0px rgba(000,000,000,0.7),\n0px 0px 0px rgba(255,255,255,0.9);\n}\n\n<\/style>\n<\/head>\n<center><button type=\"button\" name=\"\" value=\"\" class=\"css3button\"><a data-cat=\"link-botao\" style=\"color:#ffffff!important; text-decoration:none;\" href=\"https:\/\/www.editorasolucao.com.br\/concurso\/tjm-mg-tribunal-de-justica-militar-do-estado-de-minas-gerais\" target=\"_blank\"><strong><span style=\"color:#ffffff;\">Clique e Comece seus Estudos!<\/span><\/a><\/strong><\/button><\/center><br\/>\n\n\n\n<p>Agora o Quadro de Cargos de Provimento Efetivo passa a ser integrado por tr\u00eas principais agrupamentos de cargos, sendo eles: cargos permanentes, cargos que ser\u00e3o extintos com a vac\u00e2ncia e aqueles que ser\u00e3o transformados com a vac\u00e2ncia.<\/p>\n\n\n\n<p>Em agosto de 2020 quando a PL estava em an\u00e1lise, a previs\u00e3o era de que o quadro de servidores ficaria composto pela seguinte maneira:<\/p>\n\n\n\n<ul><li>Oficial Judici\u00e1rio: 83 cargos;<\/li><li> Analista Judici\u00e1rio: 17 cargos.<\/li><\/ul>\n\n\n\n<p><\/p>\n\n\n\n<p>Ainda h\u00e1 a previs\u00e3o no Projeto de Lei 2.142\/2020, da extin\u00e7\u00e3o das carreiras de T\u00e9cnico de Apoio Judicial de entr\u00e2ncia especial e Agente Judici\u00e1rio. Al\u00e9m da cria\u00e7\u00e3o de dois cargos de recrutamento ilimitado, sendo: Gerente e Coordenador da \u00c1rea.<\/p>\n\n\n\n<p>Segundo o Projeto de Lei, as disposi\u00e7\u00f5es n\u00e3o prejudicam a expectativa de direito de candidatos aprovados em concurso p\u00fablico em vigor da data de publica\u00e7\u00e3o desta lei, para os Quadros de Pessoal dos Servidores da Justi\u00e7a Militar do Estado de Minas Gerais, ficando a sua nomea\u00e7\u00e3o condicionada aos seguintes requisitos:<\/p>\n\n\n\n<ul><li>I \u2013 Conveni\u00eancia administrativa;<\/li><li> II \u2013 Exist\u00eancia de vagas em cargos de especialidades e atribui\u00e7\u00f5es correlatas, definidas em ato normativo do Tribunal de Justi\u00e7a do Estado de Minas Gerais;<\/li><li> III \u2013 Disponibilidade or\u00e7ament\u00e1ria e financeira;<\/li><li> IV \u2013 Prazo de validade do edital de reg\u00eancia do respectivo concurso.<\/li><\/ul>\n\n\n\n<h2 class=\"wp-block-heading\">Concurso TJM-MG<\/h2>\n\n\n\n<p>O per\u00edodo de inscri\u00e7\u00f5es e provas do <strong>Concurso TJM-MG<\/strong> (Tribunal de Justi\u00e7a Militar de Minas Gerais), foram suspensos por conta das medidas preventivas em rela\u00e7\u00e3o ao cont\u00e1gio e prolifera\u00e7\u00e3o do Covid-19 (Coronav\u00edrus)! A medida foi publicada no site da banca organizadora FUMARC no dia 20 de mar\u00e7o de 2020.<\/p>\n\n\n\n<p>O certame oferta <strong>24 vagas para candidatos de n\u00edveis M\u00e9dio e Superior destinadas aos cargos de Oficial Judici\u00e1rio e T\u00e9cnico Judici\u00e1rio<\/strong>, com inicias de <strong>R$ 3.692,61 e R$ 5.782,78<\/strong> e jornadas de trabalho de 40 horas semanais. Abaixo est\u00e3o a quantidade de oportunidades correspondentes a cada fun\u00e7\u00e3o.<\/p>\n\n\n\n<p><strong><a data-cat=\"link-cargo\" href=\"https:\/\/www.editorasolucao.com.br\/apostila-solucao\/impresso\/apostila-tjm-mg-comum-cargos-nivel-medio-superior\" target=\"_blank\" rel=\"noreferrer noopener\" aria-label=\"N\u00edvel M\u00e9dio  (abre em uma nova aba)\">N\u00edvel M\u00e9dio <\/a>\u2013 Oficial Judici\u00e1rio<\/strong><\/p>\n\n\n\n<p><a data-cat=\"link-cargo\" href=\"https:\/\/www.editorasolucao.com.br\/apostila-solucao\/impresso\/apostila-tjm-mg-oficial-judiciario-classe-d-tjm-tjma-sg-especialidade-oficial-judiciario\" target=\"_blank\" rel=\"noreferrer noopener\" aria-label=\"Oficial Judici\u00e1rio (abre em uma nova aba)\">Oficial Judici\u00e1rio<\/a> (19) e Assistente T\u00e9cnico de Sistemas (01).<\/p>\n\n\n\n<p><strong><a data-cat=\"link-cargo\" href=\"https:\/\/www.editorasolucao.com.br\/apostila-solucao\/impresso\/apostila-tjm-mg-comum-cargos-nivel-medio-superior\" target=\"_blank\" rel=\"noreferrer noopener\" aria-label=\"N\u00edvel Superior (abre em uma nova aba)\">N\u00edvel Superior<\/a> \u2013 T\u00e9cnico Judici\u00e1rio<\/strong><\/p>\n\n\n\n<p>T\u00e9cnico Judici\u00e1rio (CR); Contador (01); Analista de Sistemas (01); Administrador de Rede (01) e Estat\u00edstico (01).<\/p>\n\n\n\n<h2 class=\"wp-block-heading\">Provas do Concurso TJM MG<\/h2>\n\n\n\n<p>O certame ser\u00e1 composto por duas etapas, sendo elas: <strong>Prova Objetiva e Reda\u00e7\u00e3o<\/strong> (ambas para todos os cargos).<\/p>\n\n\n\n<p>A <strong>Prova Objetiva<\/strong> contar\u00e1 com 50 quest\u00f5es de m\u00faltipla escolha. As disciplinas que versar\u00e3o as provas variam conforme o cargo, s\u00e3o elas: L\u00edngua Portuguesa, No\u00e7\u00f5es de Direito, No\u00e7\u00f5es de Inform\u00e1tica e Conhecimentos Espec\u00edficos.<\/p>\n\n\n\n<p>Confira a p\u00e1gina do certame clicando neste link <strong>-> <a href=\"https:\/\/www.editorasolucao.com.br\/blog\/concurso\/tjm-mg\" target=\"_blank\" rel=\"noreferrer noopener\" aria-label=\"Concurso TJM-MG (abre em uma nova aba)\">Concurso TJM-MG<\/a><\/strong>.<\/p>\n\n\n\n<p>Para mais informa\u00e7\u00f5es referentes a esse Concurso P\u00fablico, <strong>fique atento<\/strong> as publica\u00e7\u00f5es do <strong>Blog Editora Solu\u00e7\u00e3o<\/strong>.<\/p>\n\n\n\n<p style=\"text-align:center\"><strong><a data-cat=\"link-rodape\" href=\"https:\/\/www.editorasolucao.com.br\/concurso\/tjm-mg-tribunal-de-justica-militar-do-estado-de-minas-gerais\" target=\"_blank\" rel=\"noreferrer noopener\">Estude com as Apostilas TJM-MG e parcele SEM JUROS<\/a><\/strong><\/p>\n","protected":false},"excerpt":{"rendered":"<p>Ol\u00e1 concurseiros interessados em realizar o Concurso TJM-MG (Tribunal de Justi\u00e7a Militar de Minas Gerais). A unifica\u00e7\u00e3o no quadro de servidores do \u00f3rg\u00e3o foi divulgada. Sendo assim, o certame do \u00f3rg\u00e3o ser\u00e1 retomado! Na \u00faltima quarta-feira, dia 06 de janeiro de 2021, foi aprovada a Lei 23.755, que teve como objetivo unificar o quadro de servidores da primeira e segunda inst\u00e2ncias do \u00f3rg\u00e3o. Sendo assim, todos os servidores do \u00f3rg\u00e3o passam a pertencer ao quadro \u00fanico denominado de Quadro de Pessoal dos Servidores da Justi\u00e7a Militar do Estado de Minas Gerais. Clique e Comece seus Estudos! Agora o Quadro de&#8230;<\/p>\n","protected":false},"author":7,"featured_media":8045,"comment_status":"closed","ping_status":"closed","sticky":false,"template":"","format":"standard","meta":{"_acf_changed":false,"rank_math_lock_modified_date":false,"footnotes":""},"categories":[50],"tags":[1003,1591,2475,1002,2476],"acf":[],"_links":{"self":[{"href":"https:\/\/www.editorasolucao.com.br\/blog\/wp-json\/wp\/v2\/posts\/15925"}],"collection":[{"href":"https:\/\/www.editorasolucao.com.br\/blog\/wp-json\/wp\/v2\/posts"}],"about":[{"href":"https:\/\/www.editorasolucao.com.br\/blog\/wp-json\/wp\/v2\/types\/post"}],"author":[{"embeddable":true,"href":"https:\/\/www.editorasolucao.com.br\/blog\/wp-json\/wp\/v2\/users\/7"}],"replies":[{"embeddable":true,"href":"https:\/\/www.editorasolucao.com.br\/blog\/wp-json\/wp\/v2\/comments?post=15925"}],"version-history":[{"count":4,"href":"https:\/\/www.editorasolucao.com.br\/blog\/wp-json\/wp\/v2\/posts\/15925\/revisions"}],"predecessor-version":[{"id":15929,"href":"https:\/\/www.editorasolucao.com.br\/blog\/wp-json\/wp\/v2\/posts\/15925\/revisions\/15929"}],"wp:featuredmedia":[{"embeddable":true,"href":"https:\/\/www.editorasolucao.com.br\/blog\/wp-json\/wp\/v2\/media\/8045"}],"wp:attachment":[{"href":"https:\/\/www.editorasolucao.com.br\/blog\/wp-json\/wp\/v2\/media?parent=15925"}],"wp:term":[{"taxonomy":"category","embeddable":true,"href":"https:\/\/www.editorasolucao.com.br\/blog\/wp-json\/wp\/v2\/categories?post=15925"},{"taxonomy":"post_tag","embeddable":true,"href":"https:\/\/www.editorasolucao.com.br\/blog\/wp-json\/wp\/v2\/tags?post=15925"}],"curies":[{"name":"wp","href":"https:\/\/api.w.org\/{rel}","templated":true}]}}