{"id":15941,"date":"2021-01-12T10:16:07","date_gmt":"2021-01-12T13:16:07","guid":{"rendered":"https:\/\/www.editorasolucao.com.br\/blog\/?p=15941"},"modified":"2021-01-12T10:16:10","modified_gmt":"2021-01-12T13:16:10","slug":"concurso-pc-df-provas-podem-ser-aplicadas-em-maio-de-2021","status":"publish","type":"post","link":"https:\/\/www.editorasolucao.com.br\/blog\/noticia\/concurso-pc-df-provas-podem-ser-aplicadas-em-maio-de-2021","title":{"rendered":"Concurso PC-DF: Provas podem ser aplicadas em maio de 2021!"},"content":{"rendered":"\n<p>As <a rel=\"noreferrer noopener\" aria-label=\"provas (abre em uma nova aba)\" href=\"https:\/\/www.editorasolucao.com.br\" target=\"_blank\">provas<\/a> do <strong>Concurso PC-DF<\/strong> (Pol\u00edcia Civil do <a href=\"https:\/\/www.editorasolucao.com.br\/blog\/concursos-abertos-df\" target=\"_blank\" rel=\"noreferrer noopener\" aria-label=\"Distrito Federal (abre em uma nova aba)\">Distrito Federal<\/a>) j\u00e1 t\u00eam data prevista para a sua realiza\u00e7\u00e3o. A informa\u00e7\u00e3o partiu do Secret\u00e1rio de Seguran\u00e7a do Distrito Federal, Anderson Torres.<\/p>\n\n\n\n<p>De acordo com Anderson Torres, as provas do certame podem ser aplicadas a partir do m\u00eas de maio. <\/p>\n\n\n\n<head>\n<style>\nbutton.css3button {\nfont-family: Arial, Helvetica, sans-serif;\nfont-size: 20px;\ncolor: #ffffff!important;\npadding: 12px 25px;\nbackground: -webkit-gradient(\nlinear, left top, left bottom,\nfrom(#0091ff),\nto(#037efa));\nbackground: linear-gradient(\ntop,\n#0091ff 0%,\n#037efa);\nborder-radius: 8px;\nborder: 0px solid #000000;\nbox-shadow:\n0px 4px 0px rgba(0,111,214,1),\ninset 0px 0px 1px rgba(84,84,84,0.5);\ntext-shadow:\n0px 0px 0px rgba(000,000,000,0.7),\n0px 0px 0px rgba(255,255,255,0.9);\n}\n\n<\/style>\n<\/head>\n<center><button type=\"button\" name=\"\" value=\"\" class=\"css3button\"><a data-cat=\"link-botao\" style=\"color:#ffffff!important; text-decoration:none;\" href=\"https:\/\/www.editorasolucao.com.br\/concurso\/pc-df-policia-civil-do-distrito-federal\" target=\"_blank\"><strong><span style=\"color:#ffffff;\">Clique e Comece seus Estudos!<\/span><\/a><\/strong><\/button><\/center><br\/>\n\n\n\n<p>No dia 11 de janeiro, em uma entrevista, o secret\u00e1rio de seguran\u00e7a afirmou que mesmo com a proximidade de uma vacina, \u00e9 preciso aguardar que todos estejam imunizados para que as etapas avaliativas do certame sejam realizadas em total seguran\u00e7a.<\/p>\n\n\n\n<p><em>\u201cEu estava lendo hoje pela manh\u00e3 que apesar de a vacina estar chegando, acho que uma seguran\u00e7a somente a partir do m\u00eas de maio. Foi o que estava lendo hoje, um especialista da Sa\u00fade falando. N\u00e3o \u00e9 porque est\u00e1 vacinando todo mundo que imediatamente n\u00f3s vamos ter uma imuniza\u00e7\u00e3o. Ent\u00e3o, assim, no m\u00ednimo no m\u00eas de maio\u201d<\/em>, salientou Torres.<\/p>\n\n\n\n<p>Os certames para a Pol\u00edcia Civil do Distrito Federal est\u00e3o suspensos desde o m\u00eas de setembro de 2020, por conta da pandemia de Covid-19. Anderson lamenta que os certames n\u00e3o puderam ser realizados at\u00e9 o momento.<\/p>\n\n\n\n<p><em>\u201cA Pol\u00edcia Civil tem um d\u00e9ficit muito grande de policiais, agente de pol\u00edcia, escriv\u00e3es de pol\u00edcia. Um d\u00e9ficit gigantesco. Isso impacta no nosso trabalho, n\u00e3o tenho d\u00favida disso. E soltamos o concurso, talvez o maior concurso da hist\u00f3ria da Pol\u00edcia Civil. No entanto, ele n\u00e3o foi realizado. A gente n\u00e3o conseguiu realizar nem a primeira fase ainda\u201d<\/em>, disse Anderson Torres.<\/p>\n\n\n\n<h2 class=\"wp-block-heading\">Concurso PC DF Agente<\/h2>\n\n\n\n<p>O certame oferece <strong>1.800 vagas para candidatos de n\u00edvel Superior, destinadas ao cargo de <a data-cat=\"link-cargo\" href=\"https:\/\/www.editorasolucao.com.br\/apostila-solucao\/policia-civil-df-agente-policia\" target=\"_blank\" rel=\"noreferrer noopener\" aria-label=\"Agente de Pol\u00edcia (abre em uma nova aba)\">Agente de Pol\u00edcia<\/a>, sendo 600 vagas imediatas mais 1.200 para forma\u00e7\u00e3o de cadastro reserva<\/strong>.<\/p>\n\n\n\n<p>As categorias garantem a evolu\u00e7\u00e3o na carreira e a progress\u00e3o salarial do servidor. Conforme mostra a tabela a seguir:<\/p>\n\n\n\n<table class=\"wp-block-table aligncenter\"><tbody><tr><td>   <strong>Classe <\/strong>  <\/td><td>   <strong>Subs\u00eddio<\/strong>   <\/td><\/tr><tr><td>\n  Especial\n  <\/td><td>\n  R$ 13.751,51\n  <\/td><\/tr><tr><td>\n  Primeira\n  <\/td><td>\n  R$ 10.961,45\n  <\/td><\/tr><tr><td>\n  Segunda\n  <\/td><td>\n  R$ 9.129,01\n  <\/td><\/tr><tr><td>\n  Terceira\n  <\/td><td>\n  R$ 8.698,78\n  <\/td><\/tr><\/tbody><\/table>\n\n\n\n<h2 class=\"wp-block-heading\">Concurso PC DF Escriv\u00e3o<\/h2>\n\n\n\n<p>S\u00e3o oferecidas <strong>300 vagas para o cargo de <a data-cat=\"link-cargo\" href=\"https:\/\/www.editorasolucao.com.br\/apostila-solucao\/impresso\/apostila-pc-df-2019-escrivao-policia\" target=\"_blank\" rel=\"noreferrer noopener\" aria-label=\"Escriv\u00e3o de Pol\u00edcia (abre em uma nova aba)\">Escriv\u00e3o de Pol\u00edcia<\/a>, que t\u00eam iniciais de R$ 8.698,78<\/strong>. O candidato aprovado ir\u00e1 exercer a primeira das quatro etapas da carreira de Escriv\u00e3o, que garantem progress\u00f5es salarias conforme o avan\u00e7o na fun\u00e7\u00e3o. S\u00e3o elas:<\/p>\n\n\n\n<ul><li><strong>Terceira \u2013<\/strong> S\u00e3o tr\u00eas anos com sal\u00e1rio de R$ 8.698,78;<\/li><li> <strong>Segunda \u2013<\/strong> Cinco anos com sal\u00e1rio de R$ 9.129,01;<\/li><li> <strong>Primeira \u2013<\/strong> Mais cinco anos com sal\u00e1rios de R$ 10.961,45;<\/li><li> <strong>Especial \u2013<\/strong> A \u00faltima categoria que tem o sal\u00e1rio de R$ 13.751,51.<\/li><\/ul>\n\n\n\n<p><\/p>\n\n\n\n<p>S\u00e3o requisitos para concorrer ao cargo: diploma, devidamente registrado, de conclus\u00e3o de curso de gradua\u00e7\u00e3o em qualquer \u00e1rea de forma\u00e7\u00e3o, fornecido por institui\u00e7\u00e3o de ensino superior reconhecida pelo Minist\u00e9rio da Educa\u00e7\u00e3o (MEC).<\/p>\n\n\n\n<p>Confira a p\u00e1gina do certame nesse link <strong>-> <a href=\"https:\/\/www.editorasolucao.com.br\/blog\/concurso\/pc-df-agente\" target=\"_blank\" rel=\"noreferrer noopener\" aria-label=\"Concurso PC-DF Agente (abre em uma nova aba)\">Concurso PC-DF Agente<\/a><\/strong>.<\/p>\n\n\n\n<p>Confira a p\u00e1gina do certame nesse link <strong>-> <a href=\"https:\/\/www.editorasolucao.com.br\/blog\/concurso\/pc-df\" target=\"_blank\" rel=\"noreferrer noopener\" aria-label=\"Concurso PC-DF Escriv\u00e3o (abre em uma nova aba)\">Concurso PC-DF Escriv\u00e3o<\/a><\/strong>.<\/p>\n\n\n\n<p><\/p>\n\n\n\n<p>Para mais informa\u00e7\u00f5es referentes ao Concurso PC-DF, <strong>fique atento<\/strong> as publica\u00e7\u00f5es do <strong>Blog Editora Solu\u00e7\u00e3o<\/strong>.<\/p>\n\n\n\n<p style=\"text-align:center\"><strong><a data-cat=\"link-rodape\" rel=\"noreferrer noopener\" href=\"https:\/\/www.editorasolucao.com.br\/apostila-solucao\/pc-df-agente-policia-prep\" target=\"_blank\">Estude com a Apostila PC-DF e parcele SEM JUROS<\/a><\/strong><\/p>\n","protected":false},"excerpt":{"rendered":"<p>As provas do Concurso PC-DF (Pol\u00edcia Civil do Distrito Federal) j\u00e1 t\u00eam data prevista para a sua realiza\u00e7\u00e3o. A informa\u00e7\u00e3o partiu do Secret\u00e1rio de Seguran\u00e7a do Distrito Federal, Anderson Torres. De acordo com Anderson Torres, as provas do certame podem ser aplicadas a partir do m\u00eas de maio. Clique e Comece seus Estudos! No dia 11 de janeiro, em uma entrevista, o secret\u00e1rio de seguran\u00e7a afirmou que mesmo com a proximidade de uma vacina, \u00e9 preciso aguardar que todos estejam imunizados para que as etapas avaliativas do certame sejam realizadas em total seguran\u00e7a. \u201cEu estava lendo hoje pela manh\u00e3 que&#8230;<\/p>\n","protected":false},"author":7,"featured_media":2004,"comment_status":"closed","ping_status":"closed","sticky":false,"template":"","format":"standard","meta":{"_acf_changed":false,"rank_math_lock_modified_date":false,"footnotes":""},"categories":[50],"tags":[519,1353,900,594,2474],"acf":[],"_links":{"self":[{"href":"https:\/\/www.editorasolucao.com.br\/blog\/wp-json\/wp\/v2\/posts\/15941"}],"collection":[{"href":"https:\/\/www.editorasolucao.com.br\/blog\/wp-json\/wp\/v2\/posts"}],"about":[{"href":"https:\/\/www.editorasolucao.com.br\/blog\/wp-json\/wp\/v2\/types\/post"}],"author":[{"embeddable":true,"href":"https:\/\/www.editorasolucao.com.br\/blog\/wp-json\/wp\/v2\/users\/7"}],"replies":[{"embeddable":true,"href":"https:\/\/www.editorasolucao.com.br\/blog\/wp-json\/wp\/v2\/comments?post=15941"}],"version-history":[{"count":4,"href":"https:\/\/www.editorasolucao.com.br\/blog\/wp-json\/wp\/v2\/posts\/15941\/revisions"}],"predecessor-version":[{"id":15945,"href":"https:\/\/www.editorasolucao.com.br\/blog\/wp-json\/wp\/v2\/posts\/15941\/revisions\/15945"}],"wp:featuredmedia":[{"embeddable":true,"href":"https:\/\/www.editorasolucao.com.br\/blog\/wp-json\/wp\/v2\/media\/2004"}],"wp:attachment":[{"href":"https:\/\/www.editorasolucao.com.br\/blog\/wp-json\/wp\/v2\/media?parent=15941"}],"wp:term":[{"taxonomy":"category","embeddable":true,"href":"https:\/\/www.editorasolucao.com.br\/blog\/wp-json\/wp\/v2\/categories?post=15941"},{"taxonomy":"post_tag","embeddable":true,"href":"https:\/\/www.editorasolucao.com.br\/blog\/wp-json\/wp\/v2\/tags?post=15941"}],"curies":[{"name":"wp","href":"https:\/\/api.w.org\/{rel}","templated":true}]}}