{"id":16171,"date":"2021-01-18T11:45:29","date_gmt":"2021-01-18T14:45:29","guid":{"rendered":"https:\/\/www.editorasolucao.com.br\/blog\/?p=16171"},"modified":"2026-02-02T09:40:03","modified_gmt":"2026-02-02T12:40:03","slug":"concurso-ses-df-processo-de-escolha-da-banca-organizadora-foi-iniciado","status":"publish","type":"post","link":"https:\/\/www.editorasolucao.com.br\/blog\/noticia\/concurso-ses-df-processo-de-escolha-da-banca-organizadora-foi-iniciado","title":{"rendered":"Concurso SES-DF: Processo de escolha da banca organizadora foi iniciado!"},"content":{"rendered":"\n<p><strong>Ol\u00e1 concurseiros<\/strong> que se interessam em realizar o <strong>Concurso SES-DF<\/strong> <a href=\"https:\/\/www.editorasolucao.com.br\/blog\/concurso\/ses-df\">(Secretaria de Estado de Sa\u00fade do Distrito Federal).<\/a> O processo de escolha da banca organizadora foi iniciado. Confira os detalhes ao decorrer do texto.<\/p>\n\n\n\n<p>A Secretaria de Estado de Sa\u00fade do Distrito Federal iniciou o processo de escolha da banca organizadora do novo certame do \u00f3rg\u00e3o que ir\u00e1 oferecer vagas tempor\u00e1rias. As institui\u00e7\u00f5es poder\u00e3o mandar suas propostas at\u00e9 sexta-feira, <strong>22 de janeiro, \u00e0s 15h<\/strong>.  <\/p>\n\n\n\n<h2 class=\"wp-block-heading\">Concurso SES DF<\/h2>\n\n\n\n<p>Foi publicada no Di\u00e1rio Oficial o documento que indica uma oferta de <strong>1.000 vagas ao todo, sendo 500 oportunidades para Agentes de Vigil\u00e2ncia Ambiental e 500 de Agentes Comunit\u00e1rios de Sa\u00fade<\/strong>. A contrata\u00e7\u00e3o ter\u00e1 validade de 12 meses, prorrog\u00e1veis por igual per\u00edodo.<\/p>\n\n\n\n<p>Confira o documento:<\/p>\n\n\n<div class=\"wp-block-image\">\n<figure class=\"aligncenter\"><img loading=\"lazy\" decoding=\"async\" width=\"577\" height=\"341\" src=\"https:\/\/www.editorasolucao.com.br\/blog\/wp-content\/uploads\/2021\/01\/xsesdf.png.pagespeed.ic.Hxjvj9sGO6.webp\" alt=\"\" class=\"wp-image-16045\"\/><\/figure><\/div>\n\n\n<h2 class=\"wp-block-heading\">\u00daltimo Concurso SES-DF<\/h2>\n\n\n\n<p>O \u00faltimo certame do \u00f3rg\u00e3o aconteceu no ano de <strong>2018<\/strong> e na \u00e9poca foram ofertadas <strong>400 vagas ao todo<\/strong>, sendo distribu\u00eddas da seguinte forma:<\/p>\n\n\n\n<ul>\n<li><strong>Edital n\u00b0 05\/2018:<\/strong> T\u00e9cnico de Laborat\u00f3rio \u2013 Hematologia e Hemoterapia e T\u00e9cnico de Contabilidade;<\/li>\n\n\n\n<li> Edital n\u00b0 06\/2018: M\u00e9dicos das especialidade de Biometria\/ Per\u00edcia M\u00e9dica; Cancerologia\/Oncologia Cl\u00ednica; Cardiologia; Cirurgia do Aparelho Digestivo; Cirurgia Geral\/Trauma; Cirurgia Oncol\u00f3gica; Cirurgia Pedi\u00e1trica; Endoscopia; Gen\u00e9tica; Geriatria; Ginecologia e Obstetr\u00edcia; Hematologia\/Hemoterapia; Infectologia; Medicina de Emerg\u00eancia; Medicina F\u00edsica e Reabilita\u00e7\u00e3o; Nefrologia; Neurologia; Neurologia Pedi\u00e1trica; Ortopedia e Traumatologia; Paliativista; Pneumologia; Radioterapia; Terapia Intensiva Pedi\u00e1trica; e Fam\u00edlia e Comunidade;<\/li>\n\n\n\n<li> <strong>Edital n\u00b0 07\/2018:<\/strong> Administrador; Analista de Sistemas; Contador; Economista; Estat\u00edstico; Farmac\u00eautico-Bioqu\u00edmico; F\u00edsico (Radiodiagn\u00f3stico, Radioterapia e Medicina Nuclear); Fonoaudi\u00f3logo; e T\u00e9cnico em Comunica\u00e7\u00e3o Social; e<\/li>\n\n\n\n<li> <strong>Edital n\u00b0 08\/2018:<\/strong> Enfermeiro Obstetra e Enfermeiro da Fam\u00edlia e Comunidade.<\/li>\n<\/ul>\n\n\n\n<p><\/p>\n\n\n\n<p>Os candidatos passaram por uma <strong>Prova Objetiva<\/strong>, que foi composta por 50 quest\u00f5es de m\u00faltipla escolha. As disciplinas que versaram as provas foram:<\/p>\n\n\n\n<ul>\n<li>L\u00edngua Portuguesa,<\/li>\n\n\n\n<li> Racioc\u00ednio L\u00f3gico e Matem\u00e1tico,<\/li>\n\n\n\n<li> Legisla\u00e7\u00e3o Aplicada aos Servidores do GDF,<\/li>\n\n\n\n<li> Sistema \u00danico de Sa\u00fade,<\/li>\n\n\n\n<li> Atualidades e<\/li>\n\n\n\n<li> Conhecimentos espec\u00edficos.<\/li>\n<\/ul>\n\n\n\n<p><\/p>\n\n\n\n<p>Para mais informa\u00e7\u00f5es referentes ao Concurso SES-DF, <strong>fique atento<\/strong> as publica\u00e7\u00f5es do <strong>Blog Editora Solu\u00e7\u00e3o<\/strong>.<\/p>\n","protected":false},"excerpt":{"rendered":"<p>Ol\u00e1 concurseiros que se interessam em realizar o Concurso SES-DF (Secretaria de Estado de Sa\u00fade do Distrito Federal). O processo de escolha da banca organizadora foi iniciado. Confira os detalhes ao decorrer do texto. A Secretaria de Estado de Sa\u00fade do Distrito Federal iniciou o processo de escolha da banca organizadora do novo certame do \u00f3rg\u00e3o que ir\u00e1 oferecer vagas tempor\u00e1rias. As institui\u00e7\u00f5es poder\u00e3o mandar suas propostas at\u00e9 sexta-feira, 22 de janeiro, \u00e0s 15h. Concurso SES DF Foi publicada no Di\u00e1rio Oficial o documento que indica uma oferta de 1.000 vagas ao todo, sendo 500 oportunidades para Agentes de Vigil\u00e2ncia&#8230;<\/p>\n","protected":false},"author":7,"featured_media":8037,"comment_status":"closed","ping_status":"closed","sticky":false,"template":"","format":"standard","meta":{"_acf_changed":false,"rank_math_lock_modified_date":false,"footnotes":""},"categories":[50],"tags":[2525,793,792,1372],"acf":[],"_links":{"self":[{"href":"https:\/\/www.editorasolucao.com.br\/blog\/wp-json\/wp\/v2\/posts\/16171"}],"collection":[{"href":"https:\/\/www.editorasolucao.com.br\/blog\/wp-json\/wp\/v2\/posts"}],"about":[{"href":"https:\/\/www.editorasolucao.com.br\/blog\/wp-json\/wp\/v2\/types\/post"}],"author":[{"embeddable":true,"href":"https:\/\/www.editorasolucao.com.br\/blog\/wp-json\/wp\/v2\/users\/7"}],"replies":[{"embeddable":true,"href":"https:\/\/www.editorasolucao.com.br\/blog\/wp-json\/wp\/v2\/comments?post=16171"}],"version-history":[{"count":7,"href":"https:\/\/www.editorasolucao.com.br\/blog\/wp-json\/wp\/v2\/posts\/16171\/revisions"}],"predecessor-version":[{"id":51106,"href":"https:\/\/www.editorasolucao.com.br\/blog\/wp-json\/wp\/v2\/posts\/16171\/revisions\/51106"}],"wp:featuredmedia":[{"embeddable":true,"href":"https:\/\/www.editorasolucao.com.br\/blog\/wp-json\/wp\/v2\/media\/8037"}],"wp:attachment":[{"href":"https:\/\/www.editorasolucao.com.br\/blog\/wp-json\/wp\/v2\/media?parent=16171"}],"wp:term":[{"taxonomy":"category","embeddable":true,"href":"https:\/\/www.editorasolucao.com.br\/blog\/wp-json\/wp\/v2\/categories?post=16171"},{"taxonomy":"post_tag","embeddable":true,"href":"https:\/\/www.editorasolucao.com.br\/blog\/wp-json\/wp\/v2\/tags?post=16171"}],"curies":[{"name":"wp","href":"https:\/\/api.w.org\/{rel}","templated":true}]}}