{"id":16618,"date":"2021-01-27T10:25:05","date_gmt":"2021-01-27T13:25:05","guid":{"rendered":"https:\/\/www.editorasolucao.com.br\/blog\/?p=16618"},"modified":"2021-01-27T10:25:09","modified_gmt":"2021-01-27T13:25:09","slug":"concurso-mp-ap-comissao-organizadora-tera-reuniao-edital-iminente","status":"publish","type":"post","link":"https:\/\/www.editorasolucao.com.br\/blog\/noticia\/concurso-mp-ap-comissao-organizadora-tera-reuniao-edital-iminente","title":{"rendered":"Concurso MP-AP: Comiss\u00e3o organizadora ter\u00e1 reuni\u00e3o; Edital iminente!"},"content":{"rendered":"\n<p><strong>Ol\u00e1 <a rel=\"noreferrer noopener\" aria-label=\"concurseiros (abre em uma nova aba)\" href=\"https:\/\/www.editorasolucao.com.br\" target=\"_blank\">concurseiros<\/a> <\/strong>que se interessam em realizar o <strong>Concurso MP-AP<\/strong> (Minist\u00e9rio P\u00fablico do <a href=\"https:\/\/www.editorasolucao.com.br\/blog\/concursos-previstos-ap\" target=\"_blank\" rel=\"noreferrer noopener\" aria-label=\"Amap\u00e1 (abre em uma nova aba)\">Amap\u00e1<\/a>). A comiss\u00e3o organizadora foi convocada para reuni\u00e3o no dia 28 de janeiro. O Edital deve ser publicado em breve!<\/p>\n\n\n\n<p>Ap\u00f3s a assinatura do contrato com a banca organizadora, Cebraspe, o \u00f3rg\u00e3o designou dois servidores que v\u00e3o fiscalizar sua execu\u00e7\u00e3o para a realiza\u00e7\u00e3o da sele\u00e7\u00e3o. Atualmente, o MP AP conta com 408 cargos vagos, sendo 313 para T\u00e9cnico e 95 para Analista Ministerial.<\/p>\n\n\n\n<h2 class=\"wp-block-heading\">Banca Organizadora<\/h2>\n\n\n\n<p>No dia <strong>17 de dezembro de 2020,<\/strong> o contrato estre o Minist\u00e9rio P\u00fablico do Amap\u00e1 e a banca organizadora do pr\u00f3ximo certame do \u00f3rg\u00e3o, o Cebraspe, foi oficializado e publicado no Di\u00e1rio Oficial do estado.<\/p>\n\n\n\n<p>O Minist\u00e9rio P\u00fablico do Amap\u00e1 revelou que o certame ir\u00e1 ofertar <strong>19 vagas imediatas mais forma\u00e7\u00e3o de cadastro reserva para os cargos de Promotor de Justi\u00e7a (09 vagas), T\u00e9cnico (06 vagas) e Analista Ministerial (04 vagas)<\/strong>.<\/p>\n\n\n\n<h2 class=\"wp-block-heading\">Edital<\/h2>\n\n\n\n<p>De acordo com o secret\u00e1rio-geral do Minist\u00e9rio P\u00fablico do Amap\u00e1, promotor de Justi\u00e7a Alexandre Monteiro, o edital do certame est\u00e1 nos ajustes finais entre a comiss\u00e3o e a banca organizadora, Cebraspe.<\/p>\n\n\n\n<p><em>\u201cRessalto que alguns integrantes da comiss\u00e3o do concurso (promotores e procuradores de justi\u00e7a) usufruem f\u00e9rias em janeiro, refor\u00e7ando que \u00e9 prioridade da administra\u00e7\u00e3o realizar o concurso o quanto antes\u201d,<\/em> informou Monteiro.<\/p>\n\n\n\n<p>Ainda n\u00e3o foi fechada uma data para divulga\u00e7\u00e3o do edital. Isso porque depende das discuss\u00f5es junto ao Cebraspe, nas quais ser\u00e3o observados os modelos de editais que a banca organizadora possui.<\/p>\n\n\n\n<h2 class=\"wp-block-heading\">\u00daltimo Concurso MP-AP<\/h2>\n\n\n\n<p>O \u00faltimo certame do Minist\u00e9rio P\u00fablico do Amap\u00e1, foi realizado no ano de <strong>2012<\/strong>. Na \u00e9poca foram ofertadas <strong>50 vagas imediatas mais forma\u00e7\u00e3o de cadastro reserva<\/strong>, sendo dois Editais ao todo, um destinado ao cargo de <strong>Promotor de Justi\u00e7a e o outro para os cargos de Analista Ministerial (diversas especialidades) e T\u00e9cnico Ministerial<\/strong>. A distribui\u00e7\u00e3o foi da seguinte forma:<\/p>\n\n\n\n<p><strong>N\u00edvel Superior<\/strong><\/p>\n\n\n\n<ul><li>Promotor de Justi\u00e7a Substituto (10 vagas) \u2013 remunera\u00e7\u00e3o: R$ 20.677,84.<\/li><li> Analista Ministerial (30 vagas): Administra\u00e7\u00e3o (02), Arquitetura (03), Biblioteconomia (01), Ci\u00eancias Cont\u00e1beis (05), Direito (02), Economia (02), Engenharia Civil (03), Psicologia (05), Servi\u00e7o Social (05) e Tecnologia da Informa\u00e7\u00e3o (02) \u2013 remunera\u00e7\u00e3o: R$ 4.633,38.<\/li><\/ul>\n\n\n\n<p><\/p>\n\n\n\n<p><strong>N\u00edvel M\u00e9dio<\/strong><\/p>\n\n\n\n<ul><li>T\u00e9cnico Ministerial (10 vagas): para \u00e1reas de Inform\u00e1tica (02), Motorista (05) e Auxiliar Administrativo (03). Sal\u00e1rio inicial foi de R$ 3.404,09.<\/li><\/ul>\n\n\n\n<p><\/p>\n\n\n\n<p>Confira a p\u00e1gina do certame clicando neste link <strong>-> <a href=\"https:\/\/www.editorasolucao.com.br\/blog\/concurso\/mp-ap\" target=\"_blank\" rel=\"noreferrer noopener\" aria-label=\"Concurso MP AP (abre em uma nova aba)\">Concurso MP AP<\/a><\/strong>.<\/p>\n\n\n\n<p>Para mais informa\u00e7\u00f5es referentes ao Concurso MP-AP, <strong>fique atento<\/strong> as publica\u00e7\u00f5es do <strong>Blog Editora Solu\u00e7\u00e3o<\/strong>.<\/p>\n","protected":false},"excerpt":{"rendered":"<p>Ol\u00e1 concurseiros que se interessam em realizar o Concurso MP-AP (Minist\u00e9rio P\u00fablico do Amap\u00e1). A comiss\u00e3o organizadora foi convocada para reuni\u00e3o no dia 28 de janeiro. O Edital deve ser publicado em breve! Ap\u00f3s a assinatura do contrato com a banca organizadora, Cebraspe, o \u00f3rg\u00e3o designou dois servidores que v\u00e3o fiscalizar sua execu\u00e7\u00e3o para a realiza\u00e7\u00e3o da sele\u00e7\u00e3o. Atualmente, o MP AP conta com 408 cargos vagos, sendo 313 para T\u00e9cnico e 95 para Analista Ministerial. Banca Organizadora No dia 17 de dezembro de 2020, o contrato estre o Minist\u00e9rio P\u00fablico do Amap\u00e1 e a banca organizadora do pr\u00f3ximo certame&#8230;<\/p>\n","protected":false},"author":7,"featured_media":11686,"comment_status":"closed","ping_status":"closed","sticky":false,"template":"","format":"standard","meta":{"_acf_changed":false,"rank_math_lock_modified_date":false,"footnotes":""},"categories":[50],"tags":[2608,1406,1646,1404],"acf":[],"_links":{"self":[{"href":"https:\/\/www.editorasolucao.com.br\/blog\/wp-json\/wp\/v2\/posts\/16618"}],"collection":[{"href":"https:\/\/www.editorasolucao.com.br\/blog\/wp-json\/wp\/v2\/posts"}],"about":[{"href":"https:\/\/www.editorasolucao.com.br\/blog\/wp-json\/wp\/v2\/types\/post"}],"author":[{"embeddable":true,"href":"https:\/\/www.editorasolucao.com.br\/blog\/wp-json\/wp\/v2\/users\/7"}],"replies":[{"embeddable":true,"href":"https:\/\/www.editorasolucao.com.br\/blog\/wp-json\/wp\/v2\/comments?post=16618"}],"version-history":[{"count":4,"href":"https:\/\/www.editorasolucao.com.br\/blog\/wp-json\/wp\/v2\/posts\/16618\/revisions"}],"predecessor-version":[{"id":16622,"href":"https:\/\/www.editorasolucao.com.br\/blog\/wp-json\/wp\/v2\/posts\/16618\/revisions\/16622"}],"wp:featuredmedia":[{"embeddable":true,"href":"https:\/\/www.editorasolucao.com.br\/blog\/wp-json\/wp\/v2\/media\/11686"}],"wp:attachment":[{"href":"https:\/\/www.editorasolucao.com.br\/blog\/wp-json\/wp\/v2\/media?parent=16618"}],"wp:term":[{"taxonomy":"category","embeddable":true,"href":"https:\/\/www.editorasolucao.com.br\/blog\/wp-json\/wp\/v2\/categories?post=16618"},{"taxonomy":"post_tag","embeddable":true,"href":"https:\/\/www.editorasolucao.com.br\/blog\/wp-json\/wp\/v2\/tags?post=16618"}],"curies":[{"name":"wp","href":"https:\/\/api.w.org\/{rel}","templated":true}]}}