{"id":17383,"date":"2021-02-22T10:00:47","date_gmt":"2021-02-22T13:00:47","guid":{"rendered":"https:\/\/www.editorasolucao.com.br\/blog\/?p=17383"},"modified":"2026-02-06T10:22:56","modified_gmt":"2026-02-06T13:22:56","slug":"concurso-pc-pr-motivos-para-a-suspensao-das-provas","status":"publish","type":"post","link":"https:\/\/www.editorasolucao.com.br\/blog\/noticia\/concurso-pc-pr-motivos-para-a-suspensao-das-provas","title":{"rendered":"Concurso PC-PR: Motivos para a suspens\u00e3o das provas!"},"content":{"rendered":"\n<p>Ol\u00e1 concurseiros que se interessam em realizar o Concurso PC-PR <a href=\"https:\/\/www.editorasolucao.com.br\/blog\/concurso\/pc-pr\">(Pol\u00edcia Civil do Paran\u00e1).<\/a> As provas do certame foram <strong>suspensas<\/strong>. Confira os detalhes ao decorrer do texto.<\/p>\n\n\n\n<p>No \u00faltimo domingo, dia 21 de fevereiro de 2021, a banca organizadora do certame da Pol\u00edcia Civil do <a href=\"https:\/\/www.editorasolucao.com.br\/blog\/concursos-abertos-pr\">Paran\u00e1<\/a>, FUNPAR\/UFPR suspendeu as provas que seriam realizadas naquele mesmo dia.<\/p>\n\n\n\n<p>De acordo com o Jornal Plural, de Curitiba, foram v\u00e1rias as causas que levaram a suspens\u00e3o do certame, e que os problemas eram maiores que se imaginava.<\/p>\n\n\n\n<p>Segundo reportagem do jornal, os primeiros problemas ocorreram com a contrata\u00e7\u00e3o da empresa que seria respons\u00e1vel pela entrega dos term\u00f4metros necess\u00e1rios para aferir a temperatura dos candidatos.<\/p>\n\n\n\n<p>Sendo que a primeira empresa n\u00e3o cumpriu o contrato. Um contrato emergencial foi realizado e os equipamentos chegaram em cima da hora (no s\u00e1bado), por\u00e9m, sem as pilhas.<\/p>\n\n\n\n<p>Outro grande problema foi a quantidade de desist\u00eancias de pessoas contratadas para trabalharem no certame. Al\u00e9m disso, , as escolas que abrigariam a sele\u00e7\u00e3o tamb\u00e9m estavam inabilitadas.<\/p>\n\n\n\n<p>Tudo isso culminou na demiss\u00e3o do diretor do N\u00facleo de Concursos, Altair Pivovar, que foi substitu\u00eddo por assessores de confian\u00e7a da reitoria da UFPR, que chegaram com o objetivo de consertar os erros causados pela desorganiza\u00e7\u00e3o.<\/p>\n\n\n\n<p>O reitor da Universidade, Ricardo Marcelo, se reuniu durante a madrugada com os respons\u00e1veis pela resolu\u00e7\u00e3o dos problemas para buscar uma solu\u00e7\u00e3o. A partir disso, foi conclu\u00eddo que o melhor a ser feito era a suspens\u00e3o do concurso PC-PR. A nota foi publicada \u00e0s 5h42 da manh\u00e3 do dia 21 de fevereiro.<\/p>\n\n\n\n<h2 class=\"wp-block-heading\">Concurso PC-PR: Cargos, vagas e sal\u00e1rios<\/h2>\n\n\n\n<p>S\u00e3o ofertadas <strong>400 vagas<\/strong> para candidatos de n\u00edvel Superior, sendo 300 para a carreira de Investigador, 50 para Delegado e 50 para Papiloscopista, com sal\u00e1rios que v\u00e3o de R$ 5.588,05 a R$ 18.280,05 e jornadas de trabalho de 40 horas semanais. Saiba como funciona as progress\u00e3o e promo\u00e7\u00e3o nas carreiras ofertas, al\u00e9m do sal\u00e1rio correspondente a cada n\u00edvel.<\/p>\n\n\n\n<h2 class=\"wp-block-heading\">Provas do Concurso PC-PR<\/h2>\n\n\n\n<p>O certame ser\u00e1 composto por seis etapas. S\u00e3o elas:<\/p>\n\n\n\n<ul>\n<li><strong>1\u00aa Fase:<\/strong> Prova Objetiva, de car\u00e1ter classificat\u00f3rio e eliminat\u00f3rio;<\/li>\n\n\n\n<li><strong>2\u00aa Fase:<\/strong> Prova de Conhecimentos Espec\u00edficos, de car\u00e1ter classificat\u00f3rio e eliminat\u00f3rio;<\/li>\n\n\n\n<li><strong>3\u00aa Fase:<\/strong> Prova de T\u00edtulos, de car\u00e1ter exclusivamente classificat\u00f3rio;<\/li>\n\n\n\n<li><strong>4\u00aa Fase:<\/strong> Prova de Higidez F\u00edsica, de car\u00e1ter eliminat\u00f3rio;<\/li>\n\n\n\n<li><strong>5\u00aa Fase:<\/strong> Prova de Aptid\u00e3o F\u00edsica, de car\u00e1ter eliminat\u00f3rio;<\/li>\n\n\n\n<li><strong>6\u00aa Fase:<\/strong> Exame de Investiga\u00e7\u00e3o de Conduta, de car\u00e1ter eliminat\u00f3rio.<\/li>\n<\/ul>\n\n\n\n<p><br>Para mais informa\u00e7\u00f5es referentes ao Concurso PC-PR, <strong>fique atento<\/strong> as publica\u00e7\u00f5es do <strong>Blog Editora Solu\u00e7\u00e3o<\/strong>.<\/p>\n","protected":false},"excerpt":{"rendered":"<p>Ol\u00e1 concurseiros que se interessam em realizar o Concurso PC-PR (Pol\u00edcia Civil do Paran\u00e1). As provas do certame foram suspensas. Confira os detalhes ao decorrer do texto. No \u00faltimo domingo, dia 21 de fevereiro de 2021, a banca organizadora do certame da Pol\u00edcia Civil do Paran\u00e1, FUNPAR\/UFPR suspendeu as provas que seriam realizadas naquele mesmo dia. De acordo com o Jornal Plural, de Curitiba, foram v\u00e1rias as causas que levaram a suspens\u00e3o do certame, e que os problemas eram maiores que se imaginava. Segundo reportagem do jornal, os primeiros problemas ocorreram com a contrata\u00e7\u00e3o da empresa que seria respons\u00e1vel pela&#8230;<\/p>\n","protected":false},"author":7,"featured_media":17384,"comment_status":"closed","ping_status":"closed","sticky":false,"template":"","format":"standard","meta":{"_acf_changed":false,"rank_math_lock_modified_date":false,"footnotes":""},"categories":[50],"tags":[2710,2713,647,2711,2712],"acf":[],"_links":{"self":[{"href":"https:\/\/www.editorasolucao.com.br\/blog\/wp-json\/wp\/v2\/posts\/17383"}],"collection":[{"href":"https:\/\/www.editorasolucao.com.br\/blog\/wp-json\/wp\/v2\/posts"}],"about":[{"href":"https:\/\/www.editorasolucao.com.br\/blog\/wp-json\/wp\/v2\/types\/post"}],"author":[{"embeddable":true,"href":"https:\/\/www.editorasolucao.com.br\/blog\/wp-json\/wp\/v2\/users\/7"}],"replies":[{"embeddable":true,"href":"https:\/\/www.editorasolucao.com.br\/blog\/wp-json\/wp\/v2\/comments?post=17383"}],"version-history":[{"count":7,"href":"https:\/\/www.editorasolucao.com.br\/blog\/wp-json\/wp\/v2\/posts\/17383\/revisions"}],"predecessor-version":[{"id":51312,"href":"https:\/\/www.editorasolucao.com.br\/blog\/wp-json\/wp\/v2\/posts\/17383\/revisions\/51312"}],"wp:featuredmedia":[{"embeddable":true,"href":"https:\/\/www.editorasolucao.com.br\/blog\/wp-json\/wp\/v2\/media\/17384"}],"wp:attachment":[{"href":"https:\/\/www.editorasolucao.com.br\/blog\/wp-json\/wp\/v2\/media?parent=17383"}],"wp:term":[{"taxonomy":"category","embeddable":true,"href":"https:\/\/www.editorasolucao.com.br\/blog\/wp-json\/wp\/v2\/categories?post=17383"},{"taxonomy":"post_tag","embeddable":true,"href":"https:\/\/www.editorasolucao.com.br\/blog\/wp-json\/wp\/v2\/tags?post=17383"}],"curies":[{"name":"wp","href":"https:\/\/api.w.org\/{rel}","templated":true}]}}