{"id":17440,"date":"2021-02-23T14:39:29","date_gmt":"2021-02-23T17:39:29","guid":{"rendered":"https:\/\/www.editorasolucao.com.br\/blog\/?p=17440"},"modified":"2021-03-23T11:11:04","modified_gmt":"2021-03-23T14:11:04","slug":"concurso-prf-provas-nao-serao-adiadas","status":"publish","type":"post","link":"https:\/\/www.editorasolucao.com.br\/blog\/noticia\/concurso-prf-provas-nao-serao-adiadas","title":{"rendered":"Concurso PRF: Provas n\u00e3o ser\u00e3o adiadas!"},"content":{"rendered":"\n<p>Ol\u00e1 concurseiros que se interessam em realizar o <a href=\"https:\/\/www.editorasolucao.com.br\/blog\/concurso\/prf\">Concurso<\/a> PRF (Pol\u00edcia Rodovi\u00e1ria Federal). O diretor executivo, Jos\u00e9 Hott, negou o adiamento das provas do certame. Confira os detalhes ao decorrer do texto.<\/p>\n\n\n\n<p>Devido ao adiamento das provas do Concurso PC-PR, surgiu alguns rumores sobre uma poss\u00edvel suspen\u00e7\u00e3o dos exames do certame da <a href=\"https:\/\/www.editorasolucao.com.br\/blog\/concursos-abertos\">Pol\u00edcia Rodovi\u00e1ria Federal<\/a>, por\u00e9m, no \u00faltimo domingo, dia 21 de fevereiro, o diretor executivo, Jos\u00e9 Hott, em live realizada no seu instagram, confirmou que nada mudou (em rela\u00e7\u00e3o as datas de aplica\u00e7\u00e3o das provas).<\/p>\n\n\n\n<ul id=\"block-d4f82317-294a-43fe-928a-0dbc0b003b29\"><li><strong>Adquira:<\/strong> <a href=\"https:\/\/www.editorasolucao.com.br\/concurso\/prf-policia-rodoviaria-federal\">Apostilas PRF<\/a><\/li><\/ul>\n\n\n\n<p><em>&#8220;N\u00e3o nos cabe pela PRF comentar as decis\u00f5es de um concurso de uma for\u00e7a policial extremamente parceira de que atuamos em conjunto h\u00e1 muitos anos.&#8221;<\/em><\/p>\n\n\n\n<div role=\"main\" id=\"teste-439b3cdaec32dd55cdfd\"><\/div>\n<script type=\"text\/javascript\" src=\"https:\/\/d335luupugsy2.cloudfront.net\/js\/rdstation-forms\/stable\/rdstation-forms.min.js\"><\/script>\n<script type=\"text\/javascript\"> new RDStationForms('teste-439b3cdaec32dd55cdfd', 'UA-22650584-1').createForm();<\/script>\n\n\n\n<p>O diretor menciona o ocorrido, explica para os seus seguidores sobre a posi\u00e7\u00e3o do governo e da corpora\u00e7\u00e3o que foram pegos de surpresa e tranquilizam os participantes quanto ao concurso da Pol\u00edcia Rodovi\u00e1ria Federal.<\/p>\n\n\n\n<p><em>&#8220;O concurso da PRF \u00e9 uma outra organizadora, \u00e9 o Cebraspe. Uma organizadora com compet\u00eancia reconhecida no mercado. Um contrato elaborado com muita cautela e j\u00e1 prevendo muitas a\u00e7\u00f5es de muita seguran\u00e7a. Na pr\u00f3xima semana, por exemplo, j\u00e1 temos uma reuni\u00e3o prevista com o Cebraspe para tratar dos protocolos de biosseguran\u00e7a para a prova.<\/em><\/p>\n\n\n\n<p><em>Na proposta apresentada pelo Cebraspe um dos itens de informa\u00e7\u00e3o de custo do nosso contrato, da PRF, \u00e9 a necessidade de estrutura\u00e7\u00e3o de medidas de bioseguran\u00e7a, de manuten\u00e7\u00e3o de distanciamento social, de filtros para a identifica\u00e7\u00e3o de possibilidade de cont\u00e1gio para que possamos manter a seguran\u00e7a do concurso. Sobre o concurso PRF o que posso dizer \u00e9 que nada mudou. Estamos no caminho para montar toda a estrutura para a elabora\u00e7\u00e3o dessas provas.&#8221;<\/em><\/p>\n\n\n\n<h2 class=\"wp-block-heading\">Provas do Concurso PRF<\/h2>\n\n\n\n<p>O certame foi composto pelas seguintes etapas:<\/p>\n\n\n\n<ul><li>Prova objetiva e Discursiva;<\/li><li>Exame de capacidade f\u00edsica;<\/li><li>Avalia\u00e7\u00e3o de Sa\u00fade;<\/li><li>Avalia\u00e7\u00e3o psicol\u00f3gica;<\/li><li>Avalia\u00e7\u00e3o de t\u00edtulos;<\/li><li>Investiga\u00e7\u00e3o Social;<\/li><li>Curso de Forma\u00e7\u00e3o Profissional.<\/li><\/ul>\n\n\n\n<p><br>A Prova Objetiva est\u00e1 prevista para ser realizada no dia <strong>28 de mar\u00e7o de 2021<\/strong>.<\/p>\n\n\n\n<p>Confira a p\u00e1gina do certame clicando neste link -&gt; <a href=\"https:\/\/www.editorasolucao.com.br\/blog\/concurso\/prf\">Concurso PRF<\/a>.<\/p>\n\n\n\n<p>Confira tamb\u00e9m a p\u00e1gina \u201c<a href=\"https:\/\/www.editorasolucao.com.br\/blog\/artigo\/concurso-prf-o-que-cai-na-prova\">O que cai na Prova? \u2013 PRF<\/a>\u201d.<\/p>\n\n\n\n<p><\/p>\n\n\n\n<ul><li><strong>Adquira:<\/strong> <a href=\"https:\/\/www.editorasolucao.com.br\/concurso\/prf-policia-rodoviaria-federal\">Apostilas PRF<\/a><\/li><\/ul>\n\n\n\n<p><br>Para mais informa\u00e7\u00f5es referentes ao Concurso PRF, <strong>fique atento<\/strong> as publica\u00e7\u00f5es do <strong>Blog Editora Solu\u00e7\u00e3o<\/strong>.<\/p>\n","protected":false},"excerpt":{"rendered":"<p>Ol\u00e1 concurseiros que se interessam em realizar o Concurso PRF (Pol\u00edcia Rodovi\u00e1ria Federal). O diretor executivo, Jos\u00e9 Hott, negou o adiamento das provas do certame. Confira os detalhes ao decorrer do texto. Devido ao adiamento das provas do Concurso PC-PR, surgiu alguns rumores sobre uma poss\u00edvel suspen\u00e7\u00e3o dos exames do certame da Pol\u00edcia Rodovi\u00e1ria Federal, por\u00e9m, no \u00faltimo domingo, dia 21 de fevereiro, o diretor executivo, Jos\u00e9 Hott, em live realizada no seu instagram, confirmou que nada mudou (em rela\u00e7\u00e3o as datas de aplica\u00e7\u00e3o das provas). Adquira: Apostilas PRF &#8220;N\u00e3o nos cabe pela PRF comentar as decis\u00f5es de um concurso&#8230;<\/p>\n","protected":false},"author":7,"featured_media":17441,"comment_status":"closed","ping_status":"closed","sticky":false,"template":"","format":"standard","meta":{"_acf_changed":false,"rank_math_lock_modified_date":false,"footnotes":""},"categories":[50],"tags":[1362,527,525,1361,2430,1363],"acf":[],"_links":{"self":[{"href":"https:\/\/www.editorasolucao.com.br\/blog\/wp-json\/wp\/v2\/posts\/17440"}],"collection":[{"href":"https:\/\/www.editorasolucao.com.br\/blog\/wp-json\/wp\/v2\/posts"}],"about":[{"href":"https:\/\/www.editorasolucao.com.br\/blog\/wp-json\/wp\/v2\/types\/post"}],"author":[{"embeddable":true,"href":"https:\/\/www.editorasolucao.com.br\/blog\/wp-json\/wp\/v2\/users\/7"}],"replies":[{"embeddable":true,"href":"https:\/\/www.editorasolucao.com.br\/blog\/wp-json\/wp\/v2\/comments?post=17440"}],"version-history":[{"count":5,"href":"https:\/\/www.editorasolucao.com.br\/blog\/wp-json\/wp\/v2\/posts\/17440\/revisions"}],"predecessor-version":[{"id":18474,"href":"https:\/\/www.editorasolucao.com.br\/blog\/wp-json\/wp\/v2\/posts\/17440\/revisions\/18474"}],"wp:featuredmedia":[{"embeddable":true,"href":"https:\/\/www.editorasolucao.com.br\/blog\/wp-json\/wp\/v2\/media\/17441"}],"wp:attachment":[{"href":"https:\/\/www.editorasolucao.com.br\/blog\/wp-json\/wp\/v2\/media?parent=17440"}],"wp:term":[{"taxonomy":"category","embeddable":true,"href":"https:\/\/www.editorasolucao.com.br\/blog\/wp-json\/wp\/v2\/categories?post=17440"},{"taxonomy":"post_tag","embeddable":true,"href":"https:\/\/www.editorasolucao.com.br\/blog\/wp-json\/wp\/v2\/tags?post=17440"}],"curies":[{"name":"wp","href":"https:\/\/api.w.org\/{rel}","templated":true}]}}