{"id":17882,"date":"2021-03-05T12:10:07","date_gmt":"2021-03-05T15:10:07","guid":{"rendered":"https:\/\/www.editorasolucao.com.br\/blog\/?p=17882"},"modified":"2021-03-05T12:10:11","modified_gmt":"2021-03-05T15:10:11","slug":"concurso-cress-se-provas-adiadas","status":"publish","type":"post","link":"https:\/\/www.editorasolucao.com.br\/blog\/noticia\/concurso-cress-se-provas-adiadas","title":{"rendered":"Concurso CRESS-SE: Provas adiadas!"},"content":{"rendered":"\n<p>Ol\u00e1 concurseiros que se interessam em realizar o <a href=\"https:\/\/www.editorasolucao.com.br\/blog\/concurso\/cress-se\">Concurso CRESS-SE<\/a> (Conselho Regional de Servi\u00e7o Social da 18\u00aa Regi\u00e3o \u2013 Sergipe). As provas do certame foram adiadas. Confira os detalhes ao decorrer do texto.<\/p>\n\n\n\n<p>Devido as medidas restritivas que foram adotadas pelo estado de <a href=\"https:\/\/www.editorasolucao.com.br\/blog\/concursos-abertos-se\">Sergipe<\/a>, em decorr\u00eancia do aumento de casos de Covid-19, as provas que estavam previstas para serem aplicadas no dia 14 de mar\u00e7o foram suspensas.<\/p>\n\n\n\n<ul id=\"block-e5a6a3c3-34cc-4c48-b6b3-73554909e95d\"><li><strong>Adquira:<\/strong> <a href=\"https:\/\/www.editorasolucao.com.br\/concurso\/cress-se-conselho-regional-de-servico-social-da-18-regiao\">Apostilas CRESS-SE- Conselho regional de Servi\u00e7o Social da 18\u00aa Regi\u00e3o<\/a><\/li><\/ul>\n\n\n\n<p>O novo cronograma ser\u00e1 divulgado em momento oportuno.<\/p>\n\n\n\n<h2 class=\"wp-block-heading\">Cargos, vagas e sal\u00e1rios<\/h2>\n\n\n\n<p>S\u00e3o ofertadas <strong>04 vagas imediatas mais forma\u00e7\u00e3o de cadastro reserva<\/strong> para candidatos de n\u00edveis M\u00e9dio e Superior, com sal\u00e1rio que v\u00e3o de R$ 1.629,31 a R$ 2.900,00, acrescido benef\u00edcios como aux\u00edlio-transporte e aux\u00edlio-sa\u00fade, exercendo jornadas de trabalho de 30 horas semanais. Abaixo est\u00e3o a quantidade de oportunidades e remunera\u00e7\u00f5es correspondentes a cada fun\u00e7\u00e3o.<\/p>\n\n\n\n<p><strong>N\u00edvel M\u00e9dio<\/strong><\/p>\n\n\n\n<ul><li>Assistente Administrativo \u2013 (02 vagas): R$ 1. 629,31 + benef\u00edcios<\/li><\/ul>\n\n\n\n<p><br><strong>N\u00edvel Superior<\/strong><\/p>\n\n\n\n<ul><li>Assistente Social \u2013 Agente Fiscal \u2013 (CR): R$ 2.900,00 + benef\u00edcios<\/li><li>Coordenador Geral \u2013 (1): R$ 2.900,00 + benef\u00edcios<\/li><li>Diretor T\u00e9cnico \u2013 (1): R$ 2.900,00 + benef\u00edcios<\/li><\/ul>\n\n\n\n<h2 class=\"wp-block-heading\">Provas do Concurso CRESS-SE<\/h2>\n\n\n\n<p>O certame ser\u00e1 composto por Provas Objetivas, de car\u00e1ter eliminat\u00f3rio e classificat\u00f3rio, tendo dura\u00e7\u00e3o de at\u00e9 03h e 30min e contar\u00e1 com 120 quest\u00f5es de m\u00faltipla escolha ao todo, sendo 30 de Conhecimentos B\u00e1sicos, 30 de Conhecimentos Complementares e 60 quest\u00f5es de Conhecimentos Espec\u00edficos.<\/p>\n\n\n\n<p>A prova ter\u00e1 valor total de 120 pontos.<\/p>\n\n\n\n<p>Ser\u00e1 aprovado na prova objetiva o candidato que, cumulativamente:<\/p>\n\n\n\n<ul><li>obtiver nota igual ou superior a 10,00 pontos na \u00e1rea de Conhecimentos B\u00e1sicos;<\/li><li>obtiver nota igual ou superior a 10,00 pontos na \u00e1rea de Conhecimentos Complementares; e<\/li><li>obtiver nota igual ou superior a 21,00 pontos na \u00e1rea de Conhecimentos Espec\u00edficos.<\/li><\/ul>\n\n\n\n<p><br>Confira a p\u00e1gina do certame clicando neste link -> <a href=\"https:\/\/www.editorasolucao.com.br\/blog\/concurso\/cress-se\">Concurso CRESS-SE<\/a>.<\/p>\n\n\n\n<ul><li><strong>Adquira:<\/strong> <a href=\"https:\/\/www.editorasolucao.com.br\/concurso\/cress-se-conselho-regional-de-servico-social-da-18-regiao\">Apostilas CRESS-SE- Conselho regional de Servi\u00e7o Social da 18\u00aa Regi\u00e3o<\/a><\/li><\/ul>\n\n\n\n<p><\/p>\n\n\n\n<p>Para mais informa\u00e7\u00f5es referentes ao Concurso CRESS-SE, <strong>fique atento<\/strong> as publica\u00e7\u00f5es do <strong>Blog Editora Solu\u00e7\u00e3o<\/strong>.<\/p>\n","protected":false},"excerpt":{"rendered":"<p>Ol\u00e1 concurseiros que se interessam em realizar o Concurso CRESS-SE (Conselho Regional de Servi\u00e7o Social da 18\u00aa Regi\u00e3o \u2013 Sergipe). As provas do certame foram adiadas. Confira os detalhes ao decorrer do texto. Devido as medidas restritivas que foram adotadas pelo estado de Sergipe, em decorr\u00eancia do aumento de casos de Covid-19, as provas que estavam previstas para serem aplicadas no dia 14 de mar\u00e7o foram suspensas. Adquira: Apostilas CRESS-SE- Conselho regional de Servi\u00e7o Social da 18\u00aa Regi\u00e3o O novo cronograma ser\u00e1 divulgado em momento oportuno. Cargos, vagas e sal\u00e1rios S\u00e3o ofertadas 04 vagas imediatas mais forma\u00e7\u00e3o de cadastro reserva&#8230;<\/p>\n","protected":false},"author":7,"featured_media":17883,"comment_status":"closed","ping_status":"closed","sticky":false,"template":"","format":"standard","meta":{"_acf_changed":false,"rank_math_lock_modified_date":false,"footnotes":""},"categories":[50],"tags":[1014,1013,2763,1017],"acf":[],"_links":{"self":[{"href":"https:\/\/www.editorasolucao.com.br\/blog\/wp-json\/wp\/v2\/posts\/17882"}],"collection":[{"href":"https:\/\/www.editorasolucao.com.br\/blog\/wp-json\/wp\/v2\/posts"}],"about":[{"href":"https:\/\/www.editorasolucao.com.br\/blog\/wp-json\/wp\/v2\/types\/post"}],"author":[{"embeddable":true,"href":"https:\/\/www.editorasolucao.com.br\/blog\/wp-json\/wp\/v2\/users\/7"}],"replies":[{"embeddable":true,"href":"https:\/\/www.editorasolucao.com.br\/blog\/wp-json\/wp\/v2\/comments?post=17882"}],"version-history":[{"count":6,"href":"https:\/\/www.editorasolucao.com.br\/blog\/wp-json\/wp\/v2\/posts\/17882\/revisions"}],"predecessor-version":[{"id":17889,"href":"https:\/\/www.editorasolucao.com.br\/blog\/wp-json\/wp\/v2\/posts\/17882\/revisions\/17889"}],"wp:featuredmedia":[{"embeddable":true,"href":"https:\/\/www.editorasolucao.com.br\/blog\/wp-json\/wp\/v2\/media\/17883"}],"wp:attachment":[{"href":"https:\/\/www.editorasolucao.com.br\/blog\/wp-json\/wp\/v2\/media?parent=17882"}],"wp:term":[{"taxonomy":"category","embeddable":true,"href":"https:\/\/www.editorasolucao.com.br\/blog\/wp-json\/wp\/v2\/categories?post=17882"},{"taxonomy":"post_tag","embeddable":true,"href":"https:\/\/www.editorasolucao.com.br\/blog\/wp-json\/wp\/v2\/tags?post=17882"}],"curies":[{"name":"wp","href":"https:\/\/api.w.org\/{rel}","templated":true}]}}