{"id":18753,"date":"2021-03-31T15:35:13","date_gmt":"2021-03-31T18:35:13","guid":{"rendered":"https:\/\/www.editorasolucao.com.br\/blog\/?p=18753"},"modified":"2026-01-06T12:09:54","modified_gmt":"2026-01-06T15:09:54","slug":"concurso-policia-penal-mg-edital-em-breve","status":"publish","type":"post","link":"https:\/\/www.editorasolucao.com.br\/blog\/noticia\/concurso-policia-penal-mg-edital-em-breve","title":{"rendered":"Concurso Pol\u00edcia Penal-MG: Edital em breve!"},"content":{"rendered":"\n<p>Ol\u00e1 concurseiros que se interessam em realizar o <a href=\"https:\/\/www.editorasolucao.com.br\/blog\/concurso\/policia-penal-mg\">Concurso Pol\u00edcia Penal<\/a> de Minas Gerais. O Secret\u00e1rio de Seguran\u00e7a do estado confirmou que o Edital deve ser publicado em breve.<\/p>\n\n\n\n<p>Em entrevista concedida ao Jornal Hoje em Dia, na \u00faltima segunda-feira, dia 29 de mar\u00e7o, o Secret\u00e1rio de Justi\u00e7a e Seguran\u00e7a P\u00fablica de <a href=\"https:\/\/www.editorasolucao.com.br\/blog\/concursos-previstos-mg\">Minas Gerais<\/a>, Rog\u00e9rio Greco, confirmou que o Edital deve ser divulgado o mais r\u00e1pido poss\u00edvel.<\/p>\n\n\n\n<p><em>&#8220;Desde que eu cheguei a gente tem uma previs\u00e3o de (contratar), pelo menos, 2.400 policiais penais.(\u2026) A gente j\u00e1 est\u00e1 agilizando ao m\u00e1ximo para que esse concurso aconte\u00e7a o mais r\u00e1pido poss\u00edvel. \u00c9 interesse nosso, \u00e9 interesse da Administra\u00e7\u00e3o que esse concurso aconte\u00e7a logo.\u201d<\/em><\/p>\n\n\n\n<p>Greco ainda esclareceu que a m\u00e1quina administrativa exige uma s\u00e9rie de processos burocr\u00e1ticos para que o certame seja realizado com seguran\u00e7a e dentro da lei. Por isso levam alguns meses at\u00e9 a efetiva abertura de um edital.<\/p>\n\n\n\n<h2 class=\"wp-block-heading\">Concurso Pol\u00edcia Penal \u2013 MG: cargos e vagas<\/h2>\n\n\n\n<p>Durante o ano de 2020 o certame j\u00e1 foi anunciado e retificado, sendo a \u00faltima dela realizada no m\u00eas de outubro, onde o general Mario Ara\u00fajo firmou compromisso com a sua realiza\u00e7\u00e3o.<\/p>\n\n\n\n<p>A previs\u00e3o \u00e9 que sejam ofertadas <strong>2.420 vagas<\/strong> para o cargo de Policial Penal (Agente Penitenci\u00e1rio), al\u00e9m de outras 600 oportunidades para os cargos de Assistente Executivo de Defesa Nacional e Agente Socioeducativo.<\/p>\n\n\n\n<p>A quantidade, por\u00e9m, n\u00e3o est\u00e1 confirmada e poder\u00e1 sofrer altera\u00e7\u00f5es quando da abertura do Concurso p\u00fablico. Confira a disposi\u00e7\u00e3o das vagas autorizadas:<\/p>\n\n\n\n<ul>\n<li>Agente Penitenci\u00e1rio \u2013 2.420 vagas<\/li>\n\n\n\n<li>Agente Socioeducativo \u2013 270 vagas<\/li>\n\n\n\n<li>Assistente Executivo de Defesa Nacional \u2013 427 vagas<\/li>\n<\/ul>\n\n\n\n<p><br>Para mais informa\u00e7\u00f5es referentes ao Concurso Pol\u00edcia Penal \u2013 MG, <strong>fique atento<\/strong> as publica\u00e7\u00f5es do <strong>Blog Editora Solu\u00e7\u00e3o<\/strong>.<\/p>\n","protected":false},"excerpt":{"rendered":"<p>Ol\u00e1 concurseiros que se interessam em realizar o Concurso Pol\u00edcia Penal de Minas Gerais. O Secret\u00e1rio de Seguran\u00e7a do estado confirmou que o Edital deve ser publicado em breve. Em entrevista concedida ao Jornal Hoje em Dia, na \u00faltima segunda-feira, dia 29 de mar\u00e7o, o Secret\u00e1rio de Justi\u00e7a e Seguran\u00e7a P\u00fablica de Minas Gerais, Rog\u00e9rio Greco, confirmou que o Edital deve ser divulgado o mais r\u00e1pido poss\u00edvel. &#8220;Desde que eu cheguei a gente tem uma previs\u00e3o de (contratar), pelo menos, 2.400 policiais penais.(\u2026) A gente j\u00e1 est\u00e1 agilizando ao m\u00e1ximo para que esse concurso aconte\u00e7a o mais r\u00e1pido poss\u00edvel. \u00c9&#8230;<\/p>\n","protected":false},"author":7,"featured_media":18754,"comment_status":"closed","ping_status":"closed","sticky":false,"template":"","format":"standard","meta":{"_acf_changed":false,"rank_math_lock_modified_date":false,"footnotes":""},"categories":[50],"tags":[1976,1977,2085,1973,2651],"acf":[],"_links":{"self":[{"href":"https:\/\/www.editorasolucao.com.br\/blog\/wp-json\/wp\/v2\/posts\/18753"}],"collection":[{"href":"https:\/\/www.editorasolucao.com.br\/blog\/wp-json\/wp\/v2\/posts"}],"about":[{"href":"https:\/\/www.editorasolucao.com.br\/blog\/wp-json\/wp\/v2\/types\/post"}],"author":[{"embeddable":true,"href":"https:\/\/www.editorasolucao.com.br\/blog\/wp-json\/wp\/v2\/users\/7"}],"replies":[{"embeddable":true,"href":"https:\/\/www.editorasolucao.com.br\/blog\/wp-json\/wp\/v2\/comments?post=18753"}],"version-history":[{"count":5,"href":"https:\/\/www.editorasolucao.com.br\/blog\/wp-json\/wp\/v2\/posts\/18753\/revisions"}],"predecessor-version":[{"id":50401,"href":"https:\/\/www.editorasolucao.com.br\/blog\/wp-json\/wp\/v2\/posts\/18753\/revisions\/50401"}],"wp:featuredmedia":[{"embeddable":true,"href":"https:\/\/www.editorasolucao.com.br\/blog\/wp-json\/wp\/v2\/media\/18754"}],"wp:attachment":[{"href":"https:\/\/www.editorasolucao.com.br\/blog\/wp-json\/wp\/v2\/media?parent=18753"}],"wp:term":[{"taxonomy":"category","embeddable":true,"href":"https:\/\/www.editorasolucao.com.br\/blog\/wp-json\/wp\/v2\/categories?post=18753"},{"taxonomy":"post_tag","embeddable":true,"href":"https:\/\/www.editorasolucao.com.br\/blog\/wp-json\/wp\/v2\/tags?post=18753"}],"curies":[{"name":"wp","href":"https:\/\/api.w.org\/{rel}","templated":true}]}}