{"id":19863,"date":"2021-05-03T11:58:14","date_gmt":"2021-05-03T14:58:14","guid":{"rendered":"https:\/\/www.editorasolucao.com.br\/blog\/?p=19863"},"modified":"2021-05-03T11:58:19","modified_gmt":"2021-05-03T14:58:19","slug":"concurso-pm-pi-secretario-garante-edital-nos-proximos-dias","status":"publish","type":"post","link":"https:\/\/www.editorasolucao.com.br\/blog\/noticia\/concurso-pm-pi-secretario-garante-edital-nos-proximos-dias","title":{"rendered":"Concurso PM-PI: Secret\u00e1rio garante Edital &#8220;nos pr\u00f3ximos dias&#8221;!"},"content":{"rendered":"\n<p>Ol\u00e1 concurseiros que se interessam em realizar o <a href=\"https:\/\/www.editorasolucao.com.br\/blog\/concurso\/pm-pi\">Concurso PM-PI<\/a> (Pol\u00edcia Militar do Piau\u00ed). O secret\u00e1rio da Fazenda afirmou que o Edital ser\u00e1 publicado nos pr\u00f3ximos dias. Confira os detalhes ao decorrer do texto.<\/p>\n\n\n\n<p>Nas suas redes sociais, o Secret\u00e1rio da Fazenda, Rafael Fonteles, afirmou que Edital do concurso da Pol\u00edcia Militar do <a href=\"https:\/\/www.editorasolucao.com.br\/blog\/concursos-previstos-pi\">Piau\u00ed<\/a> ser\u00e1 publicado no m\u00eas de maio.<\/p>\n\n\n\n<ul id=\"block-ba8c4198-fb28-4b18-a5b7-73669be6d05f\"><li><strong>Adquira:<\/strong> <a href=\"https:\/\/www.editorasolucao.com.br\/concurso\/pm-pi-policia-militar-de-piaui\">Apostila PM-PI &#8211; Pol\u00edcia Militar de Piau\u00ed<\/a><\/li><\/ul>\n\n\n\n<p><em>&#8220;Nos pr\u00f3ximos dias, por determina\u00e7\u00e3o do governador Wellington Dias, ser\u00e1 publicado o edital do concurso p\u00fablico da Pol\u00edcia Militar do Estado do Piau\u00ed&#8221;<\/em>, disse Rafael Fonteles em suas redes sociais.<\/p>\n\n\n\n<p>Isso \u00e9 um indicativo que que o concurso ter\u00e1 o aval dos \u00f3rg\u00e3os de controle, que avaliaram o edital nos \u00faltimos meses, segundo a Assessoria de Imprensa da Pol\u00edcia Militar do Piau\u00ed.<\/p>\n\n\n\n<h2 class=\"wp-block-heading\">Cargos e vagas<\/h2>\n\n\n\n<p>Em anuncio feito no dia 14 de dezembro, no Sal\u00e3o Azul do Pal\u00e1cio de Karnak, em Teresina\/PI, Wellington Dias, autorizou <strong>690 vagas<\/strong> no total, sendo 650 para ingresso no curso de forma\u00e7\u00e3o de Soldados e 40 oportunidades para Oficiais.<\/p>\n\n\n\n<p><em>\u201cEm conversa com o governador, n\u00f3s adotamos dois crit\u00e9rios. O primeiro deles \u00e9 que nenhum munic\u00edpio do Piau\u00ed ter\u00e1 menos de seis policiais em atividade. Para cada grupo de mil habitantes, pelo menos um policial militar\u201d<\/em>, disse o coronel Lindomar Castilho.<\/p>\n\n\n\n<p>O comandante ainda afirmou que espera publicar o edital em 2020, atrav\u00e9s do N\u00facleo de Concursos e Promo\u00e7\u00e3o de Eventos (Nucepe), o organizador.<\/p>\n\n\n\n<p>O governador Wellington Dias adiantou que haver\u00e1 uma reserva t\u00e9cnica, para que mais candidatos sejam aprovados ao longo das etapas de sele\u00e7\u00e3o.<\/p>\n\n\n\n<p><em>\u201cAqui s\u00e3o 650 vagas para Soldados e 40 para Oficiais e, com isso, a gente sempre coloca uma linha de reserva, para tamb\u00e9m garantir um excedente, uma reserva estrat\u00e9gica\u201d<\/em>, disse o governador.<\/p>\n\n\n\n<ul><li><strong>Adquira:<\/strong> <a href=\"https:\/\/www.editorasolucao.com.br\/concurso\/pm-pi-policia-militar-de-piaui\">Apostila PM-PI &#8211; Pol\u00edcia Militar de Piau\u00ed<\/a><\/li><\/ul>\n\n\n\n<p><br>Para mais informa\u00e7\u00f5es referentes ao Concurso PM-PI, <strong>fique atento<\/strong> as publica\u00e7\u00f5es do <strong>Blog Editora Solu\u00e7\u00e3o<\/strong>.<\/p>\n","protected":false},"excerpt":{"rendered":"<p>Ol\u00e1 concurseiros que se interessam em realizar o Concurso PM-PI (Pol\u00edcia Militar do Piau\u00ed). O secret\u00e1rio da Fazenda afirmou que o Edital ser\u00e1 publicado nos pr\u00f3ximos dias. Confira os detalhes ao decorrer do texto. Nas suas redes sociais, o Secret\u00e1rio da Fazenda, Rafael Fonteles, afirmou que Edital do concurso da Pol\u00edcia Militar do Piau\u00ed ser\u00e1 publicado no m\u00eas de maio. Adquira: Apostila PM-PI &#8211; Pol\u00edcia Militar de Piau\u00ed &#8220;Nos pr\u00f3ximos dias, por determina\u00e7\u00e3o do governador Wellington Dias, ser\u00e1 publicado o edital do concurso p\u00fablico da Pol\u00edcia Militar do Estado do Piau\u00ed&#8221;, disse Rafael Fonteles em suas redes sociais. Isso \u00e9&#8230;<\/p>\n","protected":false},"author":7,"featured_media":17529,"comment_status":"closed","ping_status":"closed","sticky":false,"template":"","format":"standard","meta":{"_acf_changed":false,"rank_math_lock_modified_date":false,"footnotes":""},"categories":[50],"tags":[858,859,1793,1708],"acf":[],"_links":{"self":[{"href":"https:\/\/www.editorasolucao.com.br\/blog\/wp-json\/wp\/v2\/posts\/19863"}],"collection":[{"href":"https:\/\/www.editorasolucao.com.br\/blog\/wp-json\/wp\/v2\/posts"}],"about":[{"href":"https:\/\/www.editorasolucao.com.br\/blog\/wp-json\/wp\/v2\/types\/post"}],"author":[{"embeddable":true,"href":"https:\/\/www.editorasolucao.com.br\/blog\/wp-json\/wp\/v2\/users\/7"}],"replies":[{"embeddable":true,"href":"https:\/\/www.editorasolucao.com.br\/blog\/wp-json\/wp\/v2\/comments?post=19863"}],"version-history":[{"count":4,"href":"https:\/\/www.editorasolucao.com.br\/blog\/wp-json\/wp\/v2\/posts\/19863\/revisions"}],"predecessor-version":[{"id":19867,"href":"https:\/\/www.editorasolucao.com.br\/blog\/wp-json\/wp\/v2\/posts\/19863\/revisions\/19867"}],"wp:featuredmedia":[{"embeddable":true,"href":"https:\/\/www.editorasolucao.com.br\/blog\/wp-json\/wp\/v2\/media\/17529"}],"wp:attachment":[{"href":"https:\/\/www.editorasolucao.com.br\/blog\/wp-json\/wp\/v2\/media?parent=19863"}],"wp:term":[{"taxonomy":"category","embeddable":true,"href":"https:\/\/www.editorasolucao.com.br\/blog\/wp-json\/wp\/v2\/categories?post=19863"},{"taxonomy":"post_tag","embeddable":true,"href":"https:\/\/www.editorasolucao.com.br\/blog\/wp-json\/wp\/v2\/tags?post=19863"}],"curies":[{"name":"wp","href":"https:\/\/api.w.org\/{rel}","templated":true}]}}