{"id":19915,"date":"2021-05-04T17:13:20","date_gmt":"2021-05-04T20:13:20","guid":{"rendered":"https:\/\/www.editorasolucao.com.br\/blog\/?p=19915"},"modified":"2021-05-05T10:27:37","modified_gmt":"2021-05-05T13:27:37","slug":"concurso-mp-rs-mais-de-380-cargos-vagos","status":"publish","type":"post","link":"https:\/\/www.editorasolucao.com.br\/blog\/noticia\/concurso-mp-rs-mais-de-380-cargos-vagos","title":{"rendered":"Concurso MP-RS: Mais de 380 cargos vagos!"},"content":{"rendered":"\n<p>Ol\u00e1 concurseiros que se interessam em realizar o Concurso MP-RS (Minist\u00e9rio P\u00fablico do<a href=\"https:\/\/www.editorasolucao.com.br\/blog\/concursos-previstos-rs\"> Rio Grande do Sul<\/a>). O pr\u00f3ximo certame do \u00f3rg\u00e3o pode contar com mais de 380 chamadas. Confira os detalhes ao decorrer do texto.<\/p>\n\n\n\n<p>O pr\u00f3ximo certame do Minist\u00e9rio P\u00fablico do Rio Grande do Sul deve pode contemplar mais de 380 oportunidades. Isso porque a Lei 15.516\/2020, que institui o Plano de Cargos e Carreira dos Servidores (PCCS) do \u00f3rg\u00e3o, prev\u00ea 381 vagas para as carreiras de t\u00e9cnicos e analistas.<\/p>\n\n\n\n<p>As vac\u00e2ncias devem ser preenchidas a partir de 2022, porque a implementa\u00e7\u00e3o do PCCS se dar\u00e1 a partir de janeiro do pr\u00f3ximo ano, em seus efeitos administrativos e financeiros. A mudan\u00e7a foi inclu\u00edda por emenda, em plen\u00e1rio, durante vota\u00e7\u00e3o na Assembleia Legislativa do Rio Grande do Sul em agosto de 2020.<\/p>\n\n\n\n<div role=\"main\" id=\"form-mp-rs-69646c235d404616c296\"><\/div>\n<script type=\"text\/javascript\" src=\"https:\/\/d335luupugsy2.cloudfront.net\/js\/rdstation-forms\/stable\/rdstation-forms.min.js\"><\/script>\n<script type=\"text\/javascript\"> new RDStationForms('form-mp-rs-69646c235d404616c296', 'UA-22650584-1').createForm();<\/script>\n\n\n\n<h2 class=\"wp-block-heading\">Concurso MP-RS: detalhes<\/h2>\n\n\n\n<p>A previs\u00e3o \u00e9 de que sejam publicados dois Editais, sendo um para candidatos de n\u00edvel M\u00e9dio\/T\u00e9cnico, destinadas ao cargo de T\u00e9cnico do Minist\u00e9rio P\u00fablico.<\/p>\n\n\n\n<p>J\u00e1 o outro documento destinar\u00e1 oportunidades a candidato de n\u00edvel Superior, ao cargo de Analista do Minist\u00e9rio P\u00fablico.<br>As oportunidades ser\u00e3o para forma\u00e7\u00e3o de cadastro reserva.<\/p>\n\n\n\n<p>Os cargos ofertados contam com nove classes e mais tr\u00eas especiais, que poder\u00e3o ser alcan\u00e7adas atrav\u00e9s de promo\u00e7\u00e3o. Ao ingressar no Minist\u00e9rio P\u00fablico do Rio Grande do Sul, os servidores ter\u00e3o sal\u00e1rios iniciais de R$ 3.860,28 para o cargo de T\u00e9cnico e R$ 7.352,93 para a fun\u00e7\u00e3o de Analista.<\/p>\n\n\n\n<p>Em setembro de 2020, o governador do Rio Grande do Sul, Eduardo Leite, sancionou a Lei 15.516\/2020, que institui o Plano de Cargos e Carreira dos Servidores (PCCS) do \u00f3rg\u00e3o.<\/p>\n\n\n\n<p>Sendo assim, foram criados 381 cargos de n\u00edveis M\u00e9dio e Superior. O plano simplifica o quadro de efetivos do Minist\u00e9rio P\u00fablico do Rio Grande do Sul, por meio da cria\u00e7\u00e3o das seguintes carreiras:<\/p>\n\n\n\n<ul><li>191 cargos de Analista do Minist\u00e9rio P\u00fablico;<\/li><li>190 cargos de T\u00e9cnico do Minist\u00e9rio P\u00fablico.<\/li><\/ul>\n\n\n\n<p><\/p>\n\n\n\n<p>Para mais informa\u00e7\u00f5es referentes ao Concurso MP-RS, <strong>fique atento<\/strong> as publica\u00e7\u00f5es do <strong>Blog Editora Solu\u00e7\u00e3o<\/strong>.<\/p>\n","protected":false},"excerpt":{"rendered":"<p>Ol\u00e1 concurseiros que se interessam em realizar o Concurso MP-RS (Minist\u00e9rio P\u00fablico do Rio Grande do Sul). O pr\u00f3ximo certame do \u00f3rg\u00e3o pode contar com mais de 380 chamadas. Confira os detalhes ao decorrer do texto. O pr\u00f3ximo certame do Minist\u00e9rio P\u00fablico do Rio Grande do Sul deve pode contemplar mais de 380 oportunidades. Isso porque a Lei 15.516\/2020, que institui o Plano de Cargos e Carreira dos Servidores (PCCS) do \u00f3rg\u00e3o, prev\u00ea 381 vagas para as carreiras de t\u00e9cnicos e analistas. As vac\u00e2ncias devem ser preenchidas a partir de 2022, porque a implementa\u00e7\u00e3o do PCCS se dar\u00e1 a partir&#8230;<\/p>\n","protected":false},"author":7,"featured_media":19719,"comment_status":"closed","ping_status":"closed","sticky":false,"template":"","format":"standard","meta":{"_acf_changed":false,"rank_math_lock_modified_date":false,"footnotes":""},"categories":[50],"tags":[2244,2247,2245,2990,2248],"acf":[],"_links":{"self":[{"href":"https:\/\/www.editorasolucao.com.br\/blog\/wp-json\/wp\/v2\/posts\/19915"}],"collection":[{"href":"https:\/\/www.editorasolucao.com.br\/blog\/wp-json\/wp\/v2\/posts"}],"about":[{"href":"https:\/\/www.editorasolucao.com.br\/blog\/wp-json\/wp\/v2\/types\/post"}],"author":[{"embeddable":true,"href":"https:\/\/www.editorasolucao.com.br\/blog\/wp-json\/wp\/v2\/users\/7"}],"replies":[{"embeddable":true,"href":"https:\/\/www.editorasolucao.com.br\/blog\/wp-json\/wp\/v2\/comments?post=19915"}],"version-history":[{"count":6,"href":"https:\/\/www.editorasolucao.com.br\/blog\/wp-json\/wp\/v2\/posts\/19915\/revisions"}],"predecessor-version":[{"id":19933,"href":"https:\/\/www.editorasolucao.com.br\/blog\/wp-json\/wp\/v2\/posts\/19915\/revisions\/19933"}],"wp:featuredmedia":[{"embeddable":true,"href":"https:\/\/www.editorasolucao.com.br\/blog\/wp-json\/wp\/v2\/media\/19719"}],"wp:attachment":[{"href":"https:\/\/www.editorasolucao.com.br\/blog\/wp-json\/wp\/v2\/media?parent=19915"}],"wp:term":[{"taxonomy":"category","embeddable":true,"href":"https:\/\/www.editorasolucao.com.br\/blog\/wp-json\/wp\/v2\/categories?post=19915"},{"taxonomy":"post_tag","embeddable":true,"href":"https:\/\/www.editorasolucao.com.br\/blog\/wp-json\/wp\/v2\/tags?post=19915"}],"curies":[{"name":"wp","href":"https:\/\/api.w.org\/{rel}","templated":true}]}}