{"id":20255,"date":"2021-05-17T10:43:55","date_gmt":"2021-05-17T13:43:55","guid":{"rendered":"https:\/\/www.editorasolucao.com.br\/blog\/?p=20255"},"modified":"2021-05-19T16:49:30","modified_gmt":"2021-05-19T19:49:30","slug":"concurso-mp-mg-promotor-banca-e-escolhida","status":"publish","type":"post","link":"https:\/\/www.editorasolucao.com.br\/blog\/noticia\/concurso-mp-mg-promotor-banca-e-escolhida","title":{"rendered":"Concurso MP-MG Promotor: Banca \u00e9 escolhida!"},"content":{"rendered":"\n<p>Ol\u00e1 concurseiros que se interessam em realizar o&nbsp;<a href=\"https:\/\/www.editorasolucao.com.br\/blog\/concurso\/mp-mg-promotor\">Concurso MP-MG<\/a>&nbsp;(Minist\u00e9rio da P\u00fablico do Minas Gerais que ir\u00e1 destinar vagas para a carreira de Promotor. A banca organizadora foi definida. Confira os detalhes ao decorrer do texto.<\/p>\n\n\n\n<div role=\"main\" id=\"form-mp-mg-e299481f02b0c25c9d7d\"><\/div>\n<script type=\"text\/javascript\" src=\"https:\/\/d335luupugsy2.cloudfront.net\/js\/rdstation-forms\/stable\/rdstation-forms.min.js\"><\/script>\n<script type=\"text\/javascript\"> new RDStationForms('form-mp-mg-e299481f02b0c25c9d7d', 'UA-22650584-1').createForm();<\/script>\n\n\n\n<p><\/p>\n\n\n\n<p>O Minist\u00e9rio P\u00fablico do Estado de&nbsp;<a href=\"https:\/\/www.editorasolucao.com.br\/blog\/concursos-previstos-mg\">Minas Gerais<\/a>&nbsp;anunciou por meio de uma retifica\u00e7\u00e3o publicada no Di\u00e1rio Oficial, que a banca organizadora do pr\u00f3ximo certame do \u00f3rg\u00e3o, ser\u00e1 a Fundep (Funda\u00e7\u00e3o de Desenvolvimento da Pesquisa).<\/p>\n\n\n\n<p>Com isso, a expectativa \u00e9 de que o Edital seja publicado muito em breve.<\/p>\n\n\n\n<h2 class=\"wp-block-heading\">Banca examinadora foi alterada<\/h2>\n\n\n\n<p>Foi divulgado no Di\u00e1rio Oficial do Minist\u00e9rio P\u00fablico de Minas Gerais, um comunicado que informa a altera\u00e7\u00e3o na composi\u00e7\u00e3o da banca examinadora do certame.<\/p>\n\n\n\n<p>O documento em quest\u00e3o tem a assinatura do procurador-geral de Justi\u00e7a, Jarbas Soares J\u00fanior. Confira:<\/p>\n\n\n\n<div class=\"wp-block-image\"><figure class=\"aligncenter\"><img loading=\"lazy\" decoding=\"async\" width=\"679\" height=\"227\" src=\"https:\/\/www.editorasolucao.com.br\/blog\/wp-content\/uploads\/2021\/05\/xmpmg.png.pagespeed.ic.EGuxxJ2r7l.webp\" alt=\"\" class=\"wp-image-20144\"\/><\/figure><\/div>\n\n\n\n<p>Segundo a nova composi\u00e7\u00e3o, o membro Ant\u00f4nio Joaquim Schellenberger Fernandes, que era titular do grupo tem\u00e1tico 4, foi retirado, e no seu lugar, entrou Gisela Pol\u00e9rio Santos Saldanha, na mesma posi\u00e7\u00e3o.<\/p>\n\n\n\n<p>Confira a nova composi\u00e7\u00e3o:<\/p>\n\n\n\n<p><strong>Grupo tem\u00e1tico 1: Direito Constitucional; Direito Eleitoral; Direito Administrativo; Direito Financeiro e Tribut\u00e1rio; e Teoria Geral do Minist\u00e9rio P\u00fablico.<\/strong><\/p>\n\n\n\n<ul><li>Ira\u00eddes de Oliveira Marques (titular);<\/li><li>Renato Froes Alves Ferreira (titular);<\/li><li>Rodrigo Ot\u00e1vio Mazieiro Wanis (suplente).<\/li><\/ul>\n\n\n\n<p><strong>Grupo tem\u00e1tico 2: Direito Penal e Criminologia; e Direito Processual Penal<\/strong><\/p>\n\n\n\n<ul><li>Carlos Augusto Canedo Gon\u00e7alves da Silva (titular);<\/li><li>Wagner Marteleto Filho (titular);<\/li><li>Rodrigo Iennaco de Moraes (suplente).<\/li><\/ul>\n\n\n\n<p><strong>Grupo tem\u00e1tico 3: Direito Civil; e Direito Processual Civil<\/strong><\/p>\n\n\n\n<ul><li>Fernando Rodrigues Martins (titular);<\/li><li>Jairo Cruz Moreira (suplente);<\/li><li>OAB- A definir (titular);<\/li><li>OAB- A definir (suplente).<\/li><\/ul>\n\n\n\n<p><strong>Grupo tem\u00e1tico 4: Direito Material Coletivo; e Direito Processual Coletivo<\/strong><\/p>\n\n\n\n<ul><li>Gisela Pol\u00e9rio Santos Saldanha (titular);<\/li><li>Leonardo Castro Maia (titular);<\/li><li>Marta Alves Larcher (suplente).<\/li><\/ul>\n\n\n\n<h2 class=\"wp-block-heading\">Comiss\u00e3o organizadora<\/h2>\n\n\n\n<p>A portaria que confirma a comiss\u00e3o organizadora, foi publicada no Di\u00e1rio Oficial do Minist\u00e9rio P\u00fablico de Minas Gerais no dia 12 de janeiro. A Procuradoria de Geral de Justi\u00e7a designou os seguintes servidores:<\/p>\n\n\n\n<ul><li>C\u00e9lia Beatriz Gomes dos Santos \u2013 Procuradora de Justi\u00e7a; e<\/li><li>J\u00falio C\u00e9sar Luciano \u2013 Secret\u00e1rio Adjunto.<\/li><\/ul>\n\n\n\n<h2 class=\"wp-block-heading\">Concurso MP MG: detalhes<\/h2>\n\n\n\n<p>Em novembro de 2020 foi autorizado a realiza\u00e7\u00e3o do certame do \u00f3rg\u00e3o que destinar\u00e1 vagas para o cargo de Promotor.<br>O Minist\u00e9rio P\u00fablico de Minas Gerias tem o hist\u00f3rico de realizar certame regulares para o cargo de Promotor.<\/p>\n\n\n\n<p>Determina abertura do LVIII Concurso para Ingresso na Carreira do Minist\u00e9rio P\u00fablico do Estado de Minas Gerais, e designa os secret\u00e1rios da Comiss\u00e3o do Concurso e as integrantes da Secretaria de Apoio Administrativo.<\/p>\n\n\n\n<p>A portaria tamb\u00e9m designa os secret\u00e1rios que ir\u00e3o compor a autoriza\u00e7\u00e3o do concurso MP MG Promotor. Conforme consta, os escolhidos foram:<\/p>\n\n\n\n<ul><li>Secret\u00e1rio Titular: Procurador de Justi\u00e7a Edson Ribeiro Baeta;<\/li><li>Secret\u00e1ria Adjunta: Promotora de Justi\u00e7a K\u00e1tia Suzane Lima Mendes Ara\u00fajo;<\/li><li>Servidor (a): Gislaine Fernandes Magno;<\/li><li>Servidor (a): Joane Alc\u00e2ntara Bandeira Gon\u00e7alves;<\/li><li>Servidor (a): Paola Norremose Costa.<\/li><\/ul>\n\n\n\n<p>Para concorrer ao cargo de Promotor \u00e9 necess\u00e1rio ter n\u00edvel superior em Direito e, no m\u00ednimo, tr\u00eas anos de pr\u00e1tica de atividade jur\u00eddica.<\/p>\n\n\n\n<p>Segundo informa\u00e7\u00f5es do \u00faltimo Edital, os sal\u00e1rios iniciais para carreira s\u00e3o de R$ 30.404,42. Os candidatos selecionados ainda dever\u00e3o fazer jus a benef\u00edcios.<\/p>\n\n\n\n<p>Para mais informa\u00e7\u00f5es referentes ao Concurso MP-MG,&nbsp;<strong>fique atento<\/strong>&nbsp;as publica\u00e7\u00f5es do&nbsp;<strong>Blog Editora Solu\u00e7\u00e3o<\/strong>.<\/p>\n","protected":false},"excerpt":{"rendered":"<p>Ol\u00e1 concurseiros que se interessam em realizar o&nbsp;Concurso MP-MG&nbsp;(Minist\u00e9rio da P\u00fablico do Minas Gerais que ir\u00e1 destinar vagas para a carreira de Promotor. A banca organizadora foi definida. Confira os detalhes ao decorrer do texto. O Minist\u00e9rio P\u00fablico do Estado de&nbsp;Minas Gerais&nbsp;anunciou por meio de uma retifica\u00e7\u00e3o publicada no Di\u00e1rio Oficial, que a banca organizadora do pr\u00f3ximo certame do \u00f3rg\u00e3o, ser\u00e1 a Fundep (Funda\u00e7\u00e3o de Desenvolvimento da Pesquisa). Com isso, a expectativa \u00e9 de que o Edital seja publicado muito em breve. Banca examinadora foi alterada Foi divulgado no Di\u00e1rio Oficial do Minist\u00e9rio P\u00fablico de Minas Gerais, um comunicado que&#8230;<\/p>\n","protected":false},"author":7,"featured_media":17975,"comment_status":"closed","ping_status":"closed","sticky":false,"template":"","format":"standard","meta":{"_acf_changed":false,"rank_math_lock_modified_date":false,"footnotes":""},"categories":[50],"tags":[3037,1757,1763,1758],"acf":[],"_links":{"self":[{"href":"https:\/\/www.editorasolucao.com.br\/blog\/wp-json\/wp\/v2\/posts\/20255"}],"collection":[{"href":"https:\/\/www.editorasolucao.com.br\/blog\/wp-json\/wp\/v2\/posts"}],"about":[{"href":"https:\/\/www.editorasolucao.com.br\/blog\/wp-json\/wp\/v2\/types\/post"}],"author":[{"embeddable":true,"href":"https:\/\/www.editorasolucao.com.br\/blog\/wp-json\/wp\/v2\/users\/7"}],"replies":[{"embeddable":true,"href":"https:\/\/www.editorasolucao.com.br\/blog\/wp-json\/wp\/v2\/comments?post=20255"}],"version-history":[{"count":7,"href":"https:\/\/www.editorasolucao.com.br\/blog\/wp-json\/wp\/v2\/posts\/20255\/revisions"}],"predecessor-version":[{"id":20364,"href":"https:\/\/www.editorasolucao.com.br\/blog\/wp-json\/wp\/v2\/posts\/20255\/revisions\/20364"}],"wp:featuredmedia":[{"embeddable":true,"href":"https:\/\/www.editorasolucao.com.br\/blog\/wp-json\/wp\/v2\/media\/17975"}],"wp:attachment":[{"href":"https:\/\/www.editorasolucao.com.br\/blog\/wp-json\/wp\/v2\/media?parent=20255"}],"wp:term":[{"taxonomy":"category","embeddable":true,"href":"https:\/\/www.editorasolucao.com.br\/blog\/wp-json\/wp\/v2\/categories?post=20255"},{"taxonomy":"post_tag","embeddable":true,"href":"https:\/\/www.editorasolucao.com.br\/blog\/wp-json\/wp\/v2\/tags?post=20255"}],"curies":[{"name":"wp","href":"https:\/\/api.w.org\/{rel}","templated":true}]}}