{"id":26663,"date":"2022-01-26T17:10:16","date_gmt":"2022-01-26T20:10:16","guid":{"rendered":"https:\/\/www.editorasolucao.com.br\/blog\/?p=26663"},"modified":"2022-01-26T17:10:27","modified_gmt":"2022-01-26T20:10:27","slug":"concurso-tjdft-data-para-edital-ainda-nao-foi-definida","status":"publish","type":"post","link":"https:\/\/www.editorasolucao.com.br\/blog\/noticia\/concurso-tjdft-data-para-edital-ainda-nao-foi-definida","title":{"rendered":"Concurso TJDFT: Data para Edital ainda n\u00e3o foi definida!"},"content":{"rendered":"\n<p>Ainda n\u00e3o h\u00e1 uma data definida para a publica\u00e7\u00e3o do Edital do <a href=\"https:\/\/www.editorasolucao.com.br\/blog\/concurso\/tjdft\">Concurso TJDFT<\/a> (Tribunal de Justi\u00e7a do\u00a0Distrito Federal\u00a0e Territ\u00f3rios), mas a expectativa \u00e9 de que o documento sair\u00e1 em breve. Confira os detalhes ao decorrer do texto.<\/p>\n\n\n\n<p>De acordo com informa\u00e7\u00f5es, a data de publica\u00e7\u00e3o do Edital do concurso do Tribunal de Justi\u00e7a do\u00a0Distrito Federal\u00a0e Territ\u00f3rios ainda n\u00e3o definida, mas o documento tem previs\u00e3o de sair no m\u00eas de fevereiro.<\/p>\n\n\n\n<h2 class=\"wp-block-heading\">Banca organizadora<\/h2>\n\n\n\n<p>Foi publicado no dia 23 de dezembro, o extrato de contrato com a banca organizadora FGV (Funda\u00e7\u00e3o Get\u00falio Vargas). Sendo assim, o pr\u00f3ximo passo \u00e9 a publica\u00e7\u00e3o do Edital do concurso do Tribunal de Justi\u00e7a do&nbsp;Distrito Federal&nbsp;e Territ\u00f3rios, que pode ocorrer a qualquer momento.<\/p>\n\n\n\n<p>Extrato de contrato:<\/p>\n\n\n\n<h2 class=\"wp-block-heading\">Concurso TJDFT: detalhes<\/h2>\n\n\n\n<p>De acordo com o texto da&nbsp;<strong>Lei Or\u00e7ament\u00e1ria Anual \u2013 LOA 2022, \u00e9 previsto<\/strong>&nbsp;a realiza\u00e7\u00e3o de um novo concurso com dota\u00e7\u00e3o or\u00e7ament\u00e1ria para&nbsp;<strong>101 vagas.<\/strong>&nbsp;&nbsp;<\/p>\n\n\n\n<p>A previs\u00e3o \u00e9 que sejam ofertadas vagas para os cargos de t\u00e9cnicos judici\u00e1rios e analistas judici\u00e1rios. Os cargos contam com vencimentos iniciais de R$ 3.163,07 (t\u00e9cnicos) e R$ 5.189,71 (analista).<\/p>\n\n\n\n<h2 class=\"wp-block-heading\">Cargos vagos do TJDFT<\/h2>\n\n\n\n<p>Conforme informa\u00e7\u00f5es, atualmente o \u00f3rg\u00e3o conta com&nbsp;<strong>405 vac\u00e2ncias<\/strong>&nbsp;na \u00e1rea de apoio, sendo que 219 s\u00e3o no cargo de T\u00e9cnico Judici\u00e1rio, que exige forma\u00e7\u00e3o no Ensino M\u00e9dio, e as outras 186 s\u00e3o na carreira de Analista Judici\u00e1rio, que exige forma\u00e7\u00e3o superior.<\/p>\n\n\n\n<p>Esse quantitativo de vac\u00e2ncias poder\u00e1 ser preenchido no pr\u00f3ximo certame, que j\u00e1 est\u00e1 sendo discutido. De acordo com a Assessoria de Imprensa do Tribunal do&nbsp;<a href=\"https:\/\/www.editorasolucao.com.br\/blog\/concursos-previstos-df\">Distrito Federal<\/a>, existem estudos para verificar as necessidades de cada cargo em andamento.<\/p>\n\n\n\n<p>O presidente do tribunal, Romeu Gonzaga Neiva, reconheceu que, com os outros \u00f3rg\u00e3os do Judici\u00e1rio deixando de ceder seus aprovados em concursos para o Tribunal, as vac\u00e2ncias come\u00e7ariam a pesar bastante na estrutura e no bom funcionamento dos servi\u00e7os. Por isso, um novo concurso se faz urgente.<\/p>\n\n\n\n<p>Por fim, Romeu Gonzaga Neiva, disse na mesma ocasi\u00e3o que:<\/p>\n\n\n\n<p><em>\u201cTemos in\u00fameras aposentadorias e os tribunais que t\u00eam concursos abertos n\u00e3o querem ceder servidores para n\u00f3s e estamos ficando em situa\u00e7\u00e3o dif\u00edcil. Ent\u00e3o hoje n\u00f3s vamos trabalhar para que, a partir da semana que vem, preparemos a minuta de um edital. O problema de falta de servidores est\u00e1 na raiz de tudo. Vamos tentar resolver.\u201d<\/em><\/p>\n","protected":false},"excerpt":{"rendered":"<p>Ainda n\u00e3o h\u00e1 uma data definida para a publica\u00e7\u00e3o do Edital do Concurso TJDFT (Tribunal de Justi\u00e7a do\u00a0Distrito Federal\u00a0e Territ\u00f3rios), mas a expectativa \u00e9 de que o documento sair\u00e1 em breve. Confira os detalhes ao decorrer do texto. De acordo com informa\u00e7\u00f5es, a data de publica\u00e7\u00e3o do Edital do concurso do Tribunal de Justi\u00e7a do\u00a0Distrito Federal\u00a0e Territ\u00f3rios ainda n\u00e3o definida, mas o documento tem previs\u00e3o de sair no m\u00eas de fevereiro. Banca organizadora Foi publicado no dia 23 de dezembro, o extrato de contrato com a banca organizadora FGV (Funda\u00e7\u00e3o Get\u00falio Vargas). Sendo assim, o pr\u00f3ximo passo \u00e9 a publica\u00e7\u00e3o&#8230;<\/p>\n","protected":false},"author":7,"featured_media":21796,"comment_status":"closed","ping_status":"closed","sticky":false,"template":"","format":"standard","meta":{"_acf_changed":false,"rank_math_lock_modified_date":false,"footnotes":""},"categories":[50],"tags":[3942,3945,3254,3943,3944],"acf":[],"_links":{"self":[{"href":"https:\/\/www.editorasolucao.com.br\/blog\/wp-json\/wp\/v2\/posts\/26663"}],"collection":[{"href":"https:\/\/www.editorasolucao.com.br\/blog\/wp-json\/wp\/v2\/posts"}],"about":[{"href":"https:\/\/www.editorasolucao.com.br\/blog\/wp-json\/wp\/v2\/types\/post"}],"author":[{"embeddable":true,"href":"https:\/\/www.editorasolucao.com.br\/blog\/wp-json\/wp\/v2\/users\/7"}],"replies":[{"embeddable":true,"href":"https:\/\/www.editorasolucao.com.br\/blog\/wp-json\/wp\/v2\/comments?post=26663"}],"version-history":[{"count":3,"href":"https:\/\/www.editorasolucao.com.br\/blog\/wp-json\/wp\/v2\/posts\/26663\/revisions"}],"predecessor-version":[{"id":26666,"href":"https:\/\/www.editorasolucao.com.br\/blog\/wp-json\/wp\/v2\/posts\/26663\/revisions\/26666"}],"wp:featuredmedia":[{"embeddable":true,"href":"https:\/\/www.editorasolucao.com.br\/blog\/wp-json\/wp\/v2\/media\/21796"}],"wp:attachment":[{"href":"https:\/\/www.editorasolucao.com.br\/blog\/wp-json\/wp\/v2\/media?parent=26663"}],"wp:term":[{"taxonomy":"category","embeddable":true,"href":"https:\/\/www.editorasolucao.com.br\/blog\/wp-json\/wp\/v2\/categories?post=26663"},{"taxonomy":"post_tag","embeddable":true,"href":"https:\/\/www.editorasolucao.com.br\/blog\/wp-json\/wp\/v2\/tags?post=26663"}],"curies":[{"name":"wp","href":"https:\/\/api.w.org\/{rel}","templated":true}]}}