{"id":26669,"date":"2022-01-26T18:00:02","date_gmt":"2022-01-26T21:00:02","guid":{"rendered":"https:\/\/www.editorasolucao.com.br\/blog\/?p=26669"},"modified":"2022-01-26T18:00:11","modified_gmt":"2022-01-26T21:00:11","slug":"concurso-semsa-manaus-inscricoes-prorrogadas","status":"publish","type":"post","link":"https:\/\/www.editorasolucao.com.br\/blog\/noticia\/concurso-semsa-manaus-inscricoes-prorrogadas","title":{"rendered":"Concurso SEMSA Manaus: Inscri\u00e7\u00f5es prorrogadas!"},"content":{"rendered":"\n<p>As inscri\u00e7\u00f5es do <a href=\"https:\/\/www.editorasolucao.com.br\/blog\/concurso\/semsa-manaus\">Concurso SEMSA Manaus<\/a> que oferece mais de 2 mil vagas, foram prorrogadas. Confira os detalhes ao decorrer do texto.<\/p>\n\n\n\n<p>Foi publicada na \u00faltima sexta-feira, dia 21 de janeiro, a retifica\u00e7\u00e3o do edital do concurso SEMSA <a href=\"https:\/\/www.editorasolucao.com.br\/blog\/concursos-abertos-am\">Manaus<\/a>, que prorroga as inscri\u00e7\u00f5es do certame. O novo prazo \u00e9 o seguinte:<\/p>\n\n\n\n<ul><li>M\u00e9dico \u2013 Especialista em Sa\u00fade<strong>:<\/strong>\u00a0at\u00e9 o dia 14 de fevereiro;<\/li><li>Geral \u2013 Especialista em Sa\u00fade e Assistente em Sa\u00fade<strong>:<\/strong>\u00a0at\u00e9 o dia 21 de fevereiro; e<\/li><li>Assistente em Sa\u00fade \u2013 Condutor de Motol\u00e2ncia e Condutor de Ambul\u00e2ncia:\u00a0at\u00e9 o dia 21 de fevereiro<\/li><\/ul>\n\n\n\n<p>Para efetuar a inscri\u00e7\u00e3o \u00e9 necess\u00e1rio acessar o site da banca organizadora FGV. Ser\u00e1 cobrada uma taxa de inscri\u00e7\u00e3o que ir\u00e1 variar de&nbsp;<strong>R$ 75,00 a R$ 150,00<\/strong>, a depender do n\u00edvel de escolaridade.<\/p>\n\n\n\n<h2 class=\"wp-block-heading\">Concurso Semsa Manaus: cargos e vagas<\/h2>\n\n\n\n<p>O\u00a0Concurso\u00a0Semsa Manaus ir\u00e1 ofertar um total de\u00a0<strong>2.001<\/strong>\u00a0<strong>vagas<\/strong>.<\/p>\n\n\n\n<p>Os aprovados no Concurso Semsa Manaus ter\u00e3o remunera\u00e7\u00f5es que ir\u00e3o variar de&nbsp;<strong>R$ 1.550,00 a R$ 13.867,91<\/strong>,<strong>&nbsp;<\/strong>segundo o cargo de atua\u00e7\u00e3o e o n\u00edvel de escolaridade dos inscritos.<\/p>\n\n\n\n<p>A sele\u00e7\u00e3o est\u00e1 ofertando vagas para cargos que contemplam as mais diversas \u00e1reas, como: sa\u00fade, enfermagem, jur\u00eddica, administrativa, servi\u00e7o social, fiscal, nutri\u00e7\u00e3o, dentre outras.<\/p>\n\n\n\n<p>Abaixo podemos conferir todos os cargos que ser\u00e3o ofertados no concurso Semsa Manaus:<\/p>\n\n\n\n<h3 class=\"wp-block-heading\"><strong>Edital SEMSA \u2013 edital 001\/2021<\/strong><\/h3>\n\n\n\n<ul><li>M\u00e9dico Anestesiologista;<\/li><li>M\u00e9dico Cardiologista;<\/li><li>M\u00e9dico Cirurgi\u00e3o;<\/li><li>M\u00e9dico Cl\u00ednico Geral;<\/li><li>M\u00e9dico Medicina do Trabalho;<\/li><li>M\u00e9dico Endocrinologia.<\/li><li>M\u00e9dico Epidemiologista;<\/li><li>M\u00e9dico Ginecologista-Obstetra;<\/li><li>M\u00e9dico Infectologista;<\/li><li>M\u00e9dico Intensivista Neonatologista;<\/li><li>M\u00e9dico Neonatologista;<\/li><li>M\u00e9dico Neuropediatra;<\/li><li>M\u00e9dico Patologista;<\/li><li>M\u00e9dico Pediatra;<\/li><li>M\u00e9dico Pneumologista;<\/li><li>M\u00e9dico Psiquiatra;<\/li><li>M\u00e9dico Ultrassonografista;<\/li><li>M\u00e9dico&nbsp; Urgencista.<\/li><\/ul>\n\n\n\n<h3 class=\"wp-block-heading\"><strong>Edital SEMSA \u2013 edital 002\/2021<\/strong><\/h3>\n\n\n\n<ul><li>Administrador;<\/li><li>Advogado;<\/li><li>Analista de Banco de Dados;<\/li><li>Analista de Desenvolvimento de Sistemas;<\/li><li>Analista de Infraestrutura de Tecnologia da Informa\u00e7\u00e3o;<\/li><li>Analista de Suporte de Tecnologia da Informa\u00e7\u00e3o;<\/li><li>Arquiteto e Urbanista;<\/li><li>Assistente Social;<\/li><li>Bi\u00f3logo;<\/li><li>Cirurgi\u00e3o-Dentista;<\/li><li>Cirurgi\u00e3o-Dentista Buco-Maxilo-Facial;<\/li><li>Cirurgi\u00e3o-Dentista Estomatologista;<\/li><li>Cirurgi\u00e3o-Dentista Odontopediatra;<\/li><li>Cirurgi\u00e3o-Dentista Ortodontista;<\/li><li>Cirurgi\u00e3o-Dentista para Pessoa com Defici\u00eancia;<\/li><li>Cirurgi\u00e3o-Dentista Periodontista;<\/li><li>Cirurgi\u00e3o-Dentista Protesista;<\/li><li>Comunicador Social;<\/li><li>Contador;<\/li><li>Economista;<\/li><li>Enfermeiro Epidemiologista;<\/li><li>Enfermeiro Geral;<\/li><li>Enfermeiro Intensivista;<\/li><li>Enfermeiro Obstetra;<\/li><li>Engenheiro Civil;<\/li><li>Engenheiro de Seguran\u00e7a do Trabalho;<\/li><li>Engenheiro Eletricista;<\/li><li>Estat\u00edstico;<\/li><li>Farmac\u00eautico Geral;<\/li><li>Farmac\u00eautico Citologista Cl\u00ednico;<\/li><li>Farmac\u00eautico em An\u00e1lises Cl\u00ednicas;<\/li><li>Fiscal de Sa\u00fade \u2013 Enfermeiro;<\/li><li>Fiscal de Sa\u00fade \u2013 Farmac\u00eautico;<\/li><li>Fiscal de Sa\u00fade \u2013 F\u00edsico;<\/li><li>Fiscal de Sa\u00fade Geral;<\/li><li>Fiscal de Sa\u00fade \u2013 M\u00e9dico;<\/li><li>Fiscal de Sa\u00fade \u2013 M\u00e9dico Veterin\u00e1rio;<\/li><li>Fiscal de Sa\u00fade \u2013 Nutricionista;<\/li><li>Fiscal de Sa\u00fade \u2013 Qu\u00edmico;<\/li><li>Especialista em Sa\u00fade \u2013 Fisioterapeuta;<\/li><li>Fonoaudi\u00f3logo;<\/li><li>M\u00e9dico Veterin\u00e1rio;<\/li><li>Nutricionista;<\/li><li>Profissional de Educa\u00e7\u00e3o F\u00edsica;<\/li><li>Psic\u00f3logo;<\/li><li>Terapeuta Ocupacional;<\/li><li>T\u00e9cnico em Seguran\u00e7a do Trabalho;<\/li><li>T\u00e9cnico em Sa\u00fade Bucal;<\/li><li>T\u00e9cnico em Radiologia M\u00e9dica;<\/li><li>T\u00e9cnico em Patologia Cl\u00ednica;<\/li><li>T\u00e9cnico em Manuten\u00e7\u00e3o de Equipamentos de Inform\u00e1tica;<\/li><li>T\u00e9cnico em Inform\u00e1tica;<\/li><li>Programador de Computador;<\/li><li>&nbsp;Contramestre;<\/li><li>Auxiliar em Sa\u00fade Bucal.<\/li><li>Agente Comunit\u00e1rio de Sa\u00fade;<\/li><li>Assistente em Administra\u00e7\u00e3o;<\/li><li>Motorista Fluvial;<\/li><li>Motorista de Autos;<\/li><li>Marinheiro Fluvial;<\/li><li>Marinheiro Fluvial de M\u00e1quinas;<\/li><li>Marinheiro Fluvial de Conv\u00e9s;<\/li><li>Maqueiro;<\/li><li>Cozinheiro Fluvial.<\/li><\/ul>\n\n\n\n<h3 class=\"wp-block-heading\"><strong>Edital SEMSA \u2013 edital 003\/2021<\/strong><\/h3>\n\n\n\n<ul><li>Condutor de Ambul\u00e2ncia;<\/li><li>Condutor de Motol\u00e2ncia.<\/li><\/ul>\n","protected":false},"excerpt":{"rendered":"<p>As inscri\u00e7\u00f5es do Concurso SEMSA Manaus que oferece mais de 2 mil vagas, foram prorrogadas. Confira os detalhes ao decorrer do texto. Foi publicada na \u00faltima sexta-feira, dia 21 de janeiro, a retifica\u00e7\u00e3o do edital do concurso SEMSA Manaus, que prorroga as inscri\u00e7\u00f5es do certame. O novo prazo \u00e9 o seguinte: M\u00e9dico \u2013 Especialista em Sa\u00fade:\u00a0at\u00e9 o dia 14 de fevereiro; Geral \u2013 Especialista em Sa\u00fade e Assistente em Sa\u00fade:\u00a0at\u00e9 o dia 21 de fevereiro; e Assistente em Sa\u00fade \u2013 Condutor de Motol\u00e2ncia e Condutor de Ambul\u00e2ncia:\u00a0at\u00e9 o dia 21 de fevereiro Para efetuar a inscri\u00e7\u00e3o \u00e9 necess\u00e1rio acessar o&#8230;<\/p>\n","protected":false},"author":7,"featured_media":0,"comment_status":"closed","ping_status":"closed","sticky":false,"template":"","format":"standard","meta":{"_acf_changed":false,"rank_math_lock_modified_date":false,"footnotes":""},"categories":[50],"tags":[4291,4289,4290,4292],"acf":[],"_links":{"self":[{"href":"https:\/\/www.editorasolucao.com.br\/blog\/wp-json\/wp\/v2\/posts\/26669"}],"collection":[{"href":"https:\/\/www.editorasolucao.com.br\/blog\/wp-json\/wp\/v2\/posts"}],"about":[{"href":"https:\/\/www.editorasolucao.com.br\/blog\/wp-json\/wp\/v2\/types\/post"}],"author":[{"embeddable":true,"href":"https:\/\/www.editorasolucao.com.br\/blog\/wp-json\/wp\/v2\/users\/7"}],"replies":[{"embeddable":true,"href":"https:\/\/www.editorasolucao.com.br\/blog\/wp-json\/wp\/v2\/comments?post=26669"}],"version-history":[{"count":3,"href":"https:\/\/www.editorasolucao.com.br\/blog\/wp-json\/wp\/v2\/posts\/26669\/revisions"}],"predecessor-version":[{"id":26672,"href":"https:\/\/www.editorasolucao.com.br\/blog\/wp-json\/wp\/v2\/posts\/26669\/revisions\/26672"}],"wp:attachment":[{"href":"https:\/\/www.editorasolucao.com.br\/blog\/wp-json\/wp\/v2\/media?parent=26669"}],"wp:term":[{"taxonomy":"category","embeddable":true,"href":"https:\/\/www.editorasolucao.com.br\/blog\/wp-json\/wp\/v2\/categories?post=26669"},{"taxonomy":"post_tag","embeddable":true,"href":"https:\/\/www.editorasolucao.com.br\/blog\/wp-json\/wp\/v2\/tags?post=26669"}],"curies":[{"name":"wp","href":"https:\/\/api.w.org\/{rel}","templated":true}]}}