{"id":27228,"date":"2022-02-21T12:15:36","date_gmt":"2022-02-21T15:15:36","guid":{"rendered":"https:\/\/www.editorasolucao.com.br\/blog\/?p=27228"},"modified":"2022-02-21T16:34:01","modified_gmt":"2022-02-21T19:34:01","slug":"concurso-semsa-am-ultimas-horas-de-inscricao","status":"publish","type":"post","link":"https:\/\/www.editorasolucao.com.br\/blog\/concursos\/concurso-semsa-am-ultimas-horas-de-inscricao","title":{"rendered":"Concurso SEMSA-AM: \u00daltimas horas de inscri\u00e7\u00e3o. Saiba mais!"},"content":{"rendered":"\n<p>Aten\u00e7\u00e3o! Termina hoje (21), as <strong>inscri\u00e7\u00f5es <\/strong>do <a href=\"https:\/\/www.editorasolucao.com.br\/blog\/concurso\/semsa-manaus\">concurso SEMSA<\/a>-AM, cujas vagas s\u00e3o destinadas para os cargos de <strong>Especialista em Sa\u00fade <\/strong>(n\u00edvel superior) e <strong>Assistente em Sa\u00fade<\/strong> (n\u00edvel m\u00e9dio, fundamental e t\u00e9cnico).<\/p>\n\n\n\n<p>As <strong>inscri\u00e7\u00f5es<\/strong> estar\u00e3o abertas somente at\u00e9 o dia de hoje, 21 de fevereiro, por isso, corra para candidatar! Para se inscrever, \u00e9 muito simples: basta acessar o <a href=\"https:\/\/conhecimento.fgv.br\/concursos\/semad22\" target=\"_blank\" rel=\"noreferrer noopener\">site da banca organizadora, FGV<\/a>, e preencher os <strong>dados <\/strong>necess\u00e1rios de cadastro.<\/p>\n\n\n\n<p>Ap\u00f3s esse processo, ser\u00e1 necess\u00e1rio pagar uma<strong> taxa de participa\u00e7\u00e3o<\/strong> referente ao cargo concorrido, que pode ser de:<\/p>\n\n\n\n<ul><li>N\u00edvel Superior: <strong>R$ 150,00<\/strong>;<\/li><li>N\u00edvel M\u00e9dio e M\u00e9dio T\u00e9cnico (exceto para o cargo de Agente Comunit\u00e1rio de Sa\u00fade): <strong>R$ 90,00<\/strong>;<\/li><li>Agente Comunit\u00e1rio de Sa\u00fade: <strong>R$ 75,00<\/strong>; e<\/li><li>N\u00edvel Fundamental: <strong>R$ 70,00<\/strong>.<\/li><\/ul>\n\n\n\n<p>Vale ressaltar que houve a possibilidade de requisitar a <strong>isen\u00e7\u00e3o <\/strong>total dos valores, por\u00e9m, o per\u00edodo j\u00e1 est\u00e1 encerrado. Portanto, a <strong>data limite<\/strong> para o pagamento das taxas ser\u00e1 o dia 22 de fevereiro.<\/p>\n\n\n\n<p>Por fim, \u00e9 importante dizer que as inscri\u00e7\u00f5es para o cargo de <strong>M\u00e9dico <\/strong>j\u00e1 est\u00e3o encerradas.<\/p>\n\n\n\n<p>Saiba, portanto, <strong>quem pode participar<\/strong> do certame!<\/p>\n\n\n\n<h2 class=\"wp-block-heading\">Quem pode participar do concurso SEMSA Manaus?<\/h2>\n\n\n\n<p>Os candidatos ao concurso SEMSA <a href=\"https:\/\/www.editorasolucao.com.br\/blog\/concursos-abertos-am\">Amazonas <\/a>devem ficar atentos ao <strong>n\u00edvel de escol<\/strong>aridade dos cargos, uma vez que precisam apresentar forma\u00e7\u00e3o condizente com o cargo desejado.<\/p>\n\n\n\n<p>Os cargos de <strong>n\u00edvel superior<\/strong>, por exemplo, requerem o diploma de forma\u00e7\u00e3o de Ensino Superior nas \u00e1reas espec\u00edficas de cada uma das carreiras. Assim como os cargos de <strong>n\u00edvel m\u00e9dio<\/strong> exigem forma\u00e7\u00e3o no Ensino M\u00e9dio e os de <strong>n\u00edvel fundamental <\/strong>exigem forma\u00e7\u00e3o no Ensino Fundamental.<\/p>\n\n\n\n<p>Al\u00e9m disso, alguns cargos requerem<strong> cursos extras ou habilita\u00e7\u00e3o<\/strong>, como \u00e9 o caso do Assistente em Administra\u00e7\u00e3o, que exige, al\u00e9m do Ensino M\u00e9dio completo, um curso de Inform\u00e1tica B\u00e1sica.<\/p>\n\n\n\n<p>Outro exemplo s\u00e3o os cargos de Marinheiro Fluvial de Conv\u00e9s e de Condutor de Ambul\u00e2ncia e Motol\u00e2ncia, que exigem <strong>habilita\u00e7\u00e3o expedida pela Marinha ou pelo Detran,<\/strong> al\u00e9m de cursos como o de Condu\u00e7\u00e3o de Ve\u00edculo de Emerg\u00eancia.<\/p>\n\n\n\n<p>Por isso, \u00e9 importante que os interessados <strong>se atentem bastante aos detalhes do edital <\/strong>na hora de realizar as inscri\u00e7\u00f5es.<\/p>\n\n\n\n<h2 class=\"wp-block-heading\">Como ser\u00e3o as Provas?<\/h2>\n\n\n\n<p>Os candidatos ao concurso Semsa Manaus, capital do <a href=\"https:\/\/www.editorasolucao.com.br\/blog\/concursos-previstos-am\">Amazonas<\/a>, realizar\u00e3o suas Provas no dia <strong>01 de maio de 2022<\/strong>, exceto os <strong>M\u00e9dicos<\/strong>. Neste \u00faltimo caso, as Provas Objetivas acontecer\u00e3o no <strong>dia 01 de abril.<\/strong><\/p>\n\n\n\n<p>Cada cargo ter\u00e1 a <strong>prova composta por mat\u00e9rias b\u00e1sicas e espec\u00edficas<\/strong>, que variar\u00e3o conforme o cargo.<\/p>\n\n\n\n<ul><li><strong>Adquira<\/strong>: <a href=\"https:\/\/www.editorasolucao.com.br\/apostila\/semsa-am-as-assistente-administracao\">Apostila Concurso SEMSA-AM<\/a><\/li><\/ul>\n","protected":false},"excerpt":{"rendered":"<p>Aten\u00e7\u00e3o! Termina hoje (21), as inscri\u00e7\u00f5es do concurso SEMSA-AM, cujas vagas s\u00e3o destinadas para os cargos de Especialista em Sa\u00fade (n\u00edvel superior) e Assistente em Sa\u00fade (n\u00edvel m\u00e9dio, fundamental e t\u00e9cnico). As inscri\u00e7\u00f5es estar\u00e3o abertas somente at\u00e9 o dia de hoje, 21 de fevereiro, por isso, corra para candidatar! Para se inscrever, \u00e9 muito simples: basta acessar o site da banca organizadora, FGV, e preencher os dados necess\u00e1rios de cadastro. Ap\u00f3s esse processo, ser\u00e1 necess\u00e1rio pagar uma taxa de participa\u00e7\u00e3o referente ao cargo concorrido, que pode ser de: N\u00edvel Superior: R$ 150,00; N\u00edvel M\u00e9dio e M\u00e9dio T\u00e9cnico (exceto para o&#8230;<\/p>\n","protected":false},"author":12,"featured_media":27230,"comment_status":"closed","ping_status":"closed","sticky":false,"template":"","format":"standard","meta":{"_acf_changed":false,"rank_math_lock_modified_date":false,"footnotes":""},"categories":[52],"tags":[],"acf":[],"_links":{"self":[{"href":"https:\/\/www.editorasolucao.com.br\/blog\/wp-json\/wp\/v2\/posts\/27228"}],"collection":[{"href":"https:\/\/www.editorasolucao.com.br\/blog\/wp-json\/wp\/v2\/posts"}],"about":[{"href":"https:\/\/www.editorasolucao.com.br\/blog\/wp-json\/wp\/v2\/types\/post"}],"author":[{"embeddable":true,"href":"https:\/\/www.editorasolucao.com.br\/blog\/wp-json\/wp\/v2\/users\/12"}],"replies":[{"embeddable":true,"href":"https:\/\/www.editorasolucao.com.br\/blog\/wp-json\/wp\/v2\/comments?post=27228"}],"version-history":[{"count":4,"href":"https:\/\/www.editorasolucao.com.br\/blog\/wp-json\/wp\/v2\/posts\/27228\/revisions"}],"predecessor-version":[{"id":27242,"href":"https:\/\/www.editorasolucao.com.br\/blog\/wp-json\/wp\/v2\/posts\/27228\/revisions\/27242"}],"wp:featuredmedia":[{"embeddable":true,"href":"https:\/\/www.editorasolucao.com.br\/blog\/wp-json\/wp\/v2\/media\/27230"}],"wp:attachment":[{"href":"https:\/\/www.editorasolucao.com.br\/blog\/wp-json\/wp\/v2\/media?parent=27228"}],"wp:term":[{"taxonomy":"category","embeddable":true,"href":"https:\/\/www.editorasolucao.com.br\/blog\/wp-json\/wp\/v2\/categories?post=27228"},{"taxonomy":"post_tag","embeddable":true,"href":"https:\/\/www.editorasolucao.com.br\/blog\/wp-json\/wp\/v2\/tags?post=27228"}],"curies":[{"name":"wp","href":"https:\/\/api.w.org\/{rel}","templated":true}]}}