{"id":3336,"date":"2019-05-14T17:04:29","date_gmt":"2019-05-14T20:04:29","guid":{"rendered":"https:\/\/www.editorasolucao.com.br\/blog\/?p=3336"},"modified":"2021-01-20T08:56:23","modified_gmt":"2021-01-20T11:56:23","slug":"concurso-guarda-de-belo-horizonte-mg-2019-inscricoes-prorrogadas","status":"publish","type":"post","link":"https:\/\/www.editorasolucao.com.br\/blog\/noticia\/concurso-guarda-de-belo-horizonte-mg-2019-inscricoes-prorrogadas","title":{"rendered":"Concurso Guarda de Belo Horizonte &#8211; MG 2019: Inscri\u00e7\u00f5es prorrogadas!"},"content":{"rendered":"\n<p>Excelente not\u00edcia concurseiro! Se voc\u00ea perdeu o prazo das inscri\u00e7\u00f5es do <strong>concurso Guarda de Belo Horizonte <\/strong>em <a rel=\"noreferrer noopener\" aria-label=\" (abre em uma nova aba)\" href=\"https:\/\/www.editorasolucao.com.br\/blog\/concursos-abertos-mg\" target=\"_blank\">Minas&nbsp;Gerais<\/a>, saiba que ter\u00e1 uma <strong>nova chance<\/strong>, na verdade apenas <strong>mais um dia<\/strong> para se <a href=\"http:\/\/www.editorasolucao.com.br\" target=\"_blank\" rel=\"noreferrer noopener\" aria-label=\"inscrever (abre em uma nova aba)\">inscrever<\/a>! O prazo foi estendido somente at\u00e9 amanh\u00e3<strong> 15 de maio<\/strong>.<\/p>\n\n\n\n<p style=\"text-align:center\"> <strong><a href=\"https:\/\/www.editorasolucao.com.br\/apostila-solucao\/impresso\/apostila-prefeitura-belo-horizonte-mg-2019-guarda-civil-municipal\" target=\"_blank\" rel=\"noreferrer noopener\" aria-label=\"Estude com a Apostila Guarda de BH 2019 e parcele o pagamento SEM JUROS  (abre em uma nova aba)\">Estude com a Apostila Guarda de BH 2019 e parcele o pagamento SEM JUROS<\/a><\/strong><a href=\"https:\/\/www.editorasolucao.com.br\/apostila-solucao\/impresso\/apostila-prefeitura-belo-horizonte-mg-2019-guarda-civil-municipal\" target=\"_blank\" rel=\"noreferrer noopener\" aria-label=\"Estude com a Apostila Guarda de BH 2019 e parcele o pagamento SEM JUROS  (abre em uma nova aba)\"> <\/a><\/p>\n\n\n\n<div role=\"main\" id=\"form-pref-belo-horizonte-22ec5bade71e61ac917f\"><\/div>\n<script type=\"text\/javascript\" src=\"https:\/\/d335luupugsy2.cloudfront.net\/js\/rdstation-forms\/stable\/rdstation-forms.min.js\"><\/script>\n<script type=\"text\/javascript\"> new RDStationForms('form-pref-belo-horizonte-22ec5bade71e61ac917f', 'UA-22650584-1').createForm();<\/script>\n\n\n\n<p>Portanto n\u00e3o perca esta oportunidade, acesse o site da banca desse certame, a <a rel=\"noreferrer noopener\" aria-label=\"FGR (abre em uma nova aba)\" href=\"http:\/\/www.gestaodeconcursos.org.br\" target=\"_blank\">FGR<\/a>, e fa\u00e7a logo sua inscri\u00e7\u00e3o. A taxa a ser paga \u00e9 no valor de <strong>R$ 92,50<\/strong>.<\/p>\n\n\n\n<p><a href=\"https:\/\/www.editorasolucao.com.br\/blog\/concurso\/guarda-de-bh\" target=\"_blank\" rel=\"noreferrer noopener\" aria-label=\"Confira mais informa\u00e7\u00f5es e tenha acesso ao edital. (abre em uma nova aba)\">Confira mais informa\u00e7\u00f5es e tenha acesso ao edital.<\/a><a rel=\"noreferrer noopener\" href=\"https:\/\/www.editorasolucao.com.br\/blog\/concurso\/detran-sp\" target=\"_blank\">\ufeff<\/a><\/p>\n\n\n\n<p>Lembrando que as 500 vagas s\u00e3o para cargo de n\u00edvel m\u00e9dio com iniciais de at\u00e9 <strong>R$ 2,8 mil<\/strong>. As provas ser\u00e3o aplicadas no dia <strong>23 de junho de 2019<\/strong>.<br><\/p>\n\n\n\n<p style=\"text-align:center\"> <strong><a rel=\"noreferrer noopener\" href=\"https:\/\/www.editorasolucao.com.br\/apostila-solucao\/impresso\/apostila-prefeitura-belo-horizonte-mg-2019-guarda-civil-municipal\" target=\"_blank\">Estude com a Apostila Guarda de BH 2019 e parcele o pagamento SEM JUROS<\/a><\/strong> <\/p>\n","protected":false},"excerpt":{"rendered":"<p>Excelente not\u00edcia concurseiro! Se voc\u00ea perdeu o prazo das inscri\u00e7\u00f5es do concurso Guarda de Belo Horizonte em Minas&nbsp;Gerais, saiba que ter\u00e1 uma nova chance, na verdade apenas mais um dia para se inscrever! O prazo foi estendido somente at\u00e9 amanh\u00e3 15 de maio. Estude com a Apostila Guarda de BH 2019 e parcele o pagamento SEM JUROS Portanto n\u00e3o perca esta oportunidade, acesse o site da banca desse certame, a FGR, e fa\u00e7a logo sua inscri\u00e7\u00e3o. A taxa a ser paga \u00e9 no valor de R$ 92,50. Confira mais informa\u00e7\u00f5es e tenha acesso ao edital.\ufeff Lembrando que as 500 vagas&#8230;<\/p>\n","protected":false},"author":3,"featured_media":2378,"comment_status":"closed","ping_status":"closed","sticky":false,"template":"","format":"standard","meta":{"_acf_changed":false,"rank_math_lock_modified_date":false,"footnotes":""},"categories":[50],"tags":[210,208,207,211,212],"acf":[],"_links":{"self":[{"href":"https:\/\/www.editorasolucao.com.br\/blog\/wp-json\/wp\/v2\/posts\/3336"}],"collection":[{"href":"https:\/\/www.editorasolucao.com.br\/blog\/wp-json\/wp\/v2\/posts"}],"about":[{"href":"https:\/\/www.editorasolucao.com.br\/blog\/wp-json\/wp\/v2\/types\/post"}],"author":[{"embeddable":true,"href":"https:\/\/www.editorasolucao.com.br\/blog\/wp-json\/wp\/v2\/users\/3"}],"replies":[{"embeddable":true,"href":"https:\/\/www.editorasolucao.com.br\/blog\/wp-json\/wp\/v2\/comments?post=3336"}],"version-history":[{"count":4,"href":"https:\/\/www.editorasolucao.com.br\/blog\/wp-json\/wp\/v2\/posts\/3336\/revisions"}],"predecessor-version":[{"id":16291,"href":"https:\/\/www.editorasolucao.com.br\/blog\/wp-json\/wp\/v2\/posts\/3336\/revisions\/16291"}],"wp:featuredmedia":[{"embeddable":true,"href":"https:\/\/www.editorasolucao.com.br\/blog\/wp-json\/wp\/v2\/media\/2378"}],"wp:attachment":[{"href":"https:\/\/www.editorasolucao.com.br\/blog\/wp-json\/wp\/v2\/media?parent=3336"}],"wp:term":[{"taxonomy":"category","embeddable":true,"href":"https:\/\/www.editorasolucao.com.br\/blog\/wp-json\/wp\/v2\/categories?post=3336"},{"taxonomy":"post_tag","embeddable":true,"href":"https:\/\/www.editorasolucao.com.br\/blog\/wp-json\/wp\/v2\/tags?post=3336"}],"curies":[{"name":"wp","href":"https:\/\/api.w.org\/{rel}","templated":true}]}}