{"id":38115,"date":"2023-11-28T12:00:00","date_gmt":"2023-11-28T15:00:00","guid":{"rendered":"https:\/\/www.editorasolucao.com.br\/blog\/?p=38115"},"modified":"2025-12-15T12:22:11","modified_gmt":"2025-12-15T15:22:11","slug":"caixa-edital-para-tecnico","status":"publish","type":"post","link":"https:\/\/www.editorasolucao.com.br\/blog\/noticia\/caixa-edital-para-tecnico","title":{"rendered":"Concurso Caixa ter\u00e1 edital para t\u00e9cnico ap\u00f3s PDV, informa presidente do banco!"},"content":{"rendered":"\n<p>Foi afirmado novamente pelo presidente da institui\u00e7\u00e3o, Carlos Vieira Fernandes, a realiza\u00e7\u00e3o de um novo <a href=\"https:\/\/www.editorasolucao.com.br\/blog\/concurso\/caixa\">concurso Caixa<\/a> para o cargo de <strong>T\u00e9cnico Banc\u00e1rio<\/strong>, que dever\u00e1 ser realizado ap\u00f3s\u00a0Programa de Desligamento Volunt\u00e1rio! Fique e confira os demais detalhes no decorrer da not\u00edcia. \ud83d\ude09<\/p>\n\n\n\n<h2 class=\"wp-block-heading\">Situa\u00e7\u00e3o atual<\/h2>\n\n\n\n<p>A data para o novo concurso Caixa ainda n\u00e3o tem uma data definida, mas foi&nbsp;<strong>confirmada&nbsp;<\/strong>novamente pelo presidente da institui\u00e7\u00e3o, Carlos Vieira Fernandes.<\/p>\n\n\n\n<p>O informa\u00e7\u00e3o foi anunciada em uma <a href=\"https:\/\/www.instagram.com\/reel\/C0FrAIhro8Z\/?utm_source=ig_embed&amp;utm_campaign=loading\" target=\"_blank\" rel=\"noreferrer noopener\">entrevista<\/a> \u00e0 TV Cabo Branco, na cidade de Jo\u00e3o Pessoa, neste \u00faltimo s\u00e1bado (25).<\/p>\n\n\n\n<p>Segundo o presidente:<\/p>\n\n\n\n<p><em>&#8220;[O concurso] \u00e9 uma forma da Caixa contribuir com a redu\u00e7\u00e3o do d\u00e9ficit nesse segmento do emprego. Vamos primeiramente promover, ainda esse ano, um programa de desligamento volunt\u00e1rio de servidores. Na \u00faltima reuni\u00e3o da diretoria, j\u00e1 definimos um or\u00e7amento destinado a esse p\u00fablico, para fazer um primeiro processo, que \u00e9 o de desligamento, e a\u00ed com isso abrir espa\u00e7o para que a gente possa fazer um concurso p\u00fablico substancial, robusto para trazer novos servidores a caixa&#8221;, afirmou Carlos Vieira.<\/em><\/p>\n\n\n\n<p>Al\u00e9m disso, segundo o presidente o&nbsp;<strong>edital ser\u00e1 publicado ap\u00f3s um Programa de Demiss\u00e3o Volunt\u00e1ria (PDV)<\/strong>&nbsp;de servidores, que dever\u00e1 ser implantado ainda em 2023.<\/p>\n\n\n\n<p>Ademais, o presidente da <a href=\"https:\/\/www.editorasolucao.com.br\/blog\/concursos-abertos-nacional\">Caixa Econ\u00f4mica Federal<\/a> tamb\u00e9m disse que o concurso ser\u00e1 inicialmente destinado aos t\u00e9cnicos banc\u00e1rios, al\u00e9m de que profissionais da \u00e1rea da tecnologia tamb\u00e9m ser\u00e3o selecionados.<\/p>\n\n\n\n<p>O quadro de servidores do banco, que atualmente conta com cerca de <strong>87 mil funcion\u00e1rios<\/strong>:<\/p>\n\n\n\n<p><em>&#8220;A Caixa hoje tem um quadro de 87 mil servidores, mas j\u00e1 chegamos a ter 114 mil. Ent\u00e3o [o concurso] \u00e9 uma oportunidade de ter um crescimento tanto nas nossas ag\u00eancias, pra entrar como t\u00e9cnico banc\u00e1rio, e um concurso destinado a pessoas vocacionadas a \u00e1rea da tecnologia\u201d<\/em> &#8211; disse o presidente.<\/p>\n\n\n\n<h2 class=\"wp-block-heading\" id=\"quanto-ganha-um-funcion\u00e1rio-da-caixa-econ\u00f4mica\">Cargo e sal\u00e1rio da Caixa<\/h2>\n\n\n\n<p>Segundo o Plano de Cargos e Sal\u00e1rios da estatal, a remunera\u00e7\u00e3o inicial do aprovado para o cargo de T\u00e9cnico Banc\u00e1rio, de <strong>n\u00edvel m\u00e9dio de escolaridade<\/strong> \u00e9 no valor de R$ 3.000,00.<\/p>\n\n\n\n<p>Al\u00e9m do sal\u00e1rio base, os candidatos aprovados far\u00e3o jus ao <strong>vale-transporte e benef\u00edcios<\/strong> como:<\/p>\n\n\n\n<ul>\n<li>Participa\u00e7\u00e3o nos lucros; <\/li>\n\n\n\n<li>Plano de sa\u00fade;<\/li>\n\n\n\n<li>Plano de previd\u00eancia complementar; <\/li>\n\n\n\n<li>Aux\u00edlio refei\u00e7\u00e3o; <\/li>\n\n\n\n<li>Alimenta\u00e7\u00e3o; e <\/li>\n\n\n\n<li>Aux\u00edlio creche.<\/li>\n<\/ul>\n\n\n\n<h2 class=\"wp-block-heading\">Como foi o \u00faltimo concurso Caixa?<\/h2>\n\n\n\n<p>O \u00faltimo concurso foi realizado em 2021, que ofertou <strong>1.100 vagas<\/strong> para o cargo de t\u00e9cnico banc\u00e1rio tradicional e da \u00e1rea de TI, de n\u00edvel m\u00e9dio de escolaridade.<\/p>\n\n\n\n<p>Foram 1.000 vagas imediatas e 100 oportunidades para forma\u00e7\u00e3o de cadastro reserva, sendo todas para pessoas com defici\u00eancia (PcDs).<\/p>\n\n\n\n<h3 class=\"wp-block-heading\">Quais foram os requisitos para participar do concurso Caixa?<\/h3>\n\n\n\n<p>Confira quais foram algumas das <strong>exig\u00eancias <\/strong>do concurso Caixa para que o candidato tome posse do cargo pretendido:<\/p>\n\n\n\n<ul>\n<li>Ter sido aprovado(a) em todas as etapas deste Concurso P\u00fablico e considerado(a) apto(a) nos Procedimentos e Exames M\u00e9dicos Admissionais.<\/li>\n\n\n\n<li>Ter nacionalidade brasileira ou portuguesa e, em caso de nacionalidade portuguesa, estar amparado(a) pelo estatuto de igualdade entre brasileiros e portugueses, com reconhecimento de direitos e obriga\u00e7\u00f5es civis e de gozo de direitos pol\u00edticos, nos termos do par\u00e1grafo 1\u00ba, artigo 12, da Constitui\u00e7\u00e3o Federal e do Tratado de Amizade, Coopera\u00e7\u00e3o e Consulta, promulgado no Brasil por meio do Decreto n\u00ba 3.927, de 19 de setembro de 2001.<\/li>\n\n\n\n<li>Ter situa\u00e7\u00e3o regular perante a legisla\u00e7\u00e3o eleitoral.<\/li>\n\n\n\n<li>Estar em dia com as obriga\u00e7\u00f5es militares, em caso de candidato brasileiro do sexo masculino.<\/li>\n\n\n\n<li>Possuir os requisitos exigidos para o exerc\u00edcio dos cargos, conforme item 2 deste Edital.<\/li>\n\n\n\n<li>Ter, na data de admiss\u00e3o, idade m\u00ednima de dezoito anos completos.<\/li>\n\n\n\n<li><strong>Ter aptid\u00e3o f\u00edsica e mental para o exerc\u00edcio das atribui\u00e7\u00f5es dos cargos.<\/strong><\/li>\n\n\n\n<li>N\u00e3o ser aposentado(a) pelo INSS por tempo de contribui\u00e7\u00e3o e\/ou invalidez.<\/li>\n\n\n\n<li><strong>N\u00e3o ter 75 anos de idade ou mais, conforme estabelecido pelo \u00a7 16\u00ba do artigo 201 da Constitui\u00e7\u00e3o Federal, inclu\u00eddo pela Emenda Constitucional n\u00ba 103\/2019.<\/strong><\/li>\n\n\n\n<li>N\u00e3o ser propriet\u00e1rio(a) de unidade lot\u00e9rica, inclusive quando a propriedade estiver em nome do(a) seu\/sua c\u00f4njuge.<\/li>\n\n\n\n<li>N\u00e3o possuir senten\u00e7a criminal condenat\u00f3ria transitada em julgado que impe\u00e7a o exerc\u00edcio das atividades inerentes aos cargos.<\/li>\n\n\n\n<li>Cumprir as determina\u00e7\u00f5es deste Edital.<\/li>\n<\/ul>\n\n\n\n<p><\/p>\n\n\n\n<p><strong>Fiquem ligados para as pr\u00f3ximas not\u00edcias!!!<\/strong><\/p>\n","protected":false},"excerpt":{"rendered":"<p>Foi afirmado novamente pelo presidente da institui\u00e7\u00e3o, Carlos Vieira Fernandes, a realiza\u00e7\u00e3o de um novo concurso Caixa para o cargo de T\u00e9cnico Banc\u00e1rio, que dever\u00e1 ser realizado ap\u00f3s\u00a0Programa de Desligamento Volunt\u00e1rio! Fique e confira os demais detalhes no decorrer da not\u00edcia. \ud83d\ude09 Situa\u00e7\u00e3o atual A data para o novo concurso Caixa ainda n\u00e3o tem uma data definida, mas foi&nbsp;confirmada&nbsp;novamente pelo presidente da institui\u00e7\u00e3o, Carlos Vieira Fernandes. O informa\u00e7\u00e3o foi anunciada em uma entrevista \u00e0 TV Cabo Branco, na cidade de Jo\u00e3o Pessoa, neste \u00faltimo s\u00e1bado (25). Segundo o presidente: &#8220;[O concurso] \u00e9 uma forma da Caixa contribuir com a redu\u00e7\u00e3o&#8230;<\/p>\n","protected":false},"author":18,"featured_media":38118,"comment_status":"closed","ping_status":"closed","sticky":false,"template":"","format":"standard","meta":{"_acf_changed":false,"rank_math_lock_modified_date":false,"footnotes":""},"categories":[50],"tags":[],"acf":[],"_links":{"self":[{"href":"https:\/\/www.editorasolucao.com.br\/blog\/wp-json\/wp\/v2\/posts\/38115"}],"collection":[{"href":"https:\/\/www.editorasolucao.com.br\/blog\/wp-json\/wp\/v2\/posts"}],"about":[{"href":"https:\/\/www.editorasolucao.com.br\/blog\/wp-json\/wp\/v2\/types\/post"}],"author":[{"embeddable":true,"href":"https:\/\/www.editorasolucao.com.br\/blog\/wp-json\/wp\/v2\/users\/18"}],"replies":[{"embeddable":true,"href":"https:\/\/www.editorasolucao.com.br\/blog\/wp-json\/wp\/v2\/comments?post=38115"}],"version-history":[{"count":21,"href":"https:\/\/www.editorasolucao.com.br\/blog\/wp-json\/wp\/v2\/posts\/38115\/revisions"}],"predecessor-version":[{"id":50046,"href":"https:\/\/www.editorasolucao.com.br\/blog\/wp-json\/wp\/v2\/posts\/38115\/revisions\/50046"}],"wp:featuredmedia":[{"embeddable":true,"href":"https:\/\/www.editorasolucao.com.br\/blog\/wp-json\/wp\/v2\/media\/38118"}],"wp:attachment":[{"href":"https:\/\/www.editorasolucao.com.br\/blog\/wp-json\/wp\/v2\/media?parent=38115"}],"wp:term":[{"taxonomy":"category","embeddable":true,"href":"https:\/\/www.editorasolucao.com.br\/blog\/wp-json\/wp\/v2\/categories?post=38115"},{"taxonomy":"post_tag","embeddable":true,"href":"https:\/\/www.editorasolucao.com.br\/blog\/wp-json\/wp\/v2\/tags?post=38115"}],"curies":[{"name":"wp","href":"https:\/\/api.w.org\/{rel}","templated":true}]}}