{"id":38139,"date":"2023-11-29T07:30:00","date_gmt":"2023-11-29T10:30:00","guid":{"rendered":"https:\/\/www.editorasolucao.com.br\/blog\/?p=38139"},"modified":"2026-01-21T13:27:42","modified_gmt":"2026-01-21T16:27:42","slug":"pc-sp-convocacao-para-a-prova","status":"publish","type":"post","link":"https:\/\/www.editorasolucao.com.br\/blog\/noticia\/pc-sp-convocacao-para-a-prova","title":{"rendered":"Concurso PC SP: Convoca\u00e7\u00e3o para a prova de Perito, M\u00e9dico e Delegado!"},"content":{"rendered":"\n<p>Aten\u00e7\u00e3o, concurseiros! Foram divulgados os <strong>locais<\/strong> para a realiza\u00e7\u00e3o das provas do concurso PC SP <a href=\"https:\/\/www.editorasolucao.com.br\/blog\/concurso\/policia-civil-sp\">(Pol\u00edcia Civil do estado de S\u00e3o Paulo)<\/a> para os cargos de Perito, M\u00e9dico e Delegado, de n\u00edvel superior de escolaridade. Fique e confira os demais detalhes no decorrer da not\u00edcia. \ud83e\udd29<\/p>\n\n\n\n<h2 class=\"wp-block-heading\">Onde conferir meu local de prova do concurso PC SP?<\/h2>\n\n\n\n<p>Foi divulgada nesta ter\u00e7a-feira (28), por meio do site da banca organizadora, <a href=\"https:\/\/www.vunesp.com.br\/\" target=\"_blank\" rel=\"noreferrer noopener\">Funda\u00e7\u00e3o Vunesp<\/a>, a&nbsp;<strong>convoca\u00e7\u00e3o para as provas<\/strong>&nbsp;do concurso PC SP para os cargos de Delegado, M\u00e9dico Legista&nbsp;e Perito Criminal.<\/p>\n\n\n\n<p>Saiba quais s\u00e3o as&nbsp;<strong>cidades<\/strong>&nbsp;onde haver\u00e1 a aplica\u00e7\u00e3o da prova:<\/p>\n\n\n\n<ul>\n<li>Ara\u00e7atuba;<\/li>\n\n\n\n<li>Bauru;<\/li>\n\n\n\n<li>Campinas;<\/li>\n\n\n\n<li>Ribeir\u00e3o Preto;<\/li>\n\n\n\n<li>Santos;<\/li>\n\n\n\n<li>S\u00e3o Jos\u00e9 dos Campos;<\/li>\n\n\n\n<li>S\u00e3o Jos\u00e9 do Rio Preto;<\/li>\n\n\n\n<li>S\u00e3o Paulo;<\/li>\n\n\n\n<li>Sorocaba;<\/li>\n\n\n\n<li>Piracicaba; e<\/li>\n\n\n\n<li>Presidente Prudente.<\/li>\n<\/ul>\n\n\n\n<h2 class=\"wp-block-heading\">Qual documento de identifica\u00e7\u00e3o devo levar no dia da prova?<\/h2>\n\n\n\n<p>O candidato dever\u00e1 comparecer ao local da prova munido de documento de identifica\u00e7\u00e3o em uma das seguintes formas:<\/p>\n\n\n\n<ul>\n<li>Original de um dos seguintes documentos oficiais, vigentes e com foto, de modo a permitir com clareza a sua identifica\u00e7\u00e3o: C\u00e9dula de Identidade (RG), ou Registro de Identidade Civil (RIC), ou Carteira de \u00d3rg\u00e3o ou Conselho de Classe, ou Carteira de Trabalho e Previd\u00eancia Social (CTPS), ou Carteira Nacional de Habilita\u00e7\u00e3o (CNH), ou Passaporte, ou Carteiras de Identidade expedidas pelas Pol\u00edcias Civis, Militares, For\u00e7as Armadas e Corpos de Bombeiros Militares, ou Carteira de Registro Nacional Migrat\u00f3rio (CRNM);<\/li>\n\n\n\n<li>Aplicativos de \u00f3rg\u00e3o oficial de um dos seguintes documentos digitais de identifica\u00e7\u00e3o: C\u00e9dula de Identidade (RG), ou Carteira Nacional de Habilita\u00e7\u00e3o (CNH), ou T\u00edtulo Eleitoral Digital (eT\u00edtulo). Neste caso, a confer\u00eancia ser\u00e1 feita exclusivamente por meio do acesso ao documento no aplicativo do \u00f3rg\u00e3o emissor;<\/li>\n\n\n\n<li>Boletim de ocorr\u00eancia emitido no prazo m\u00e1ximo de 30 dias anteriores \u00e0 data da aplica\u00e7\u00e3o das provas, na hip\u00f3tese de perda, furto ou roubo de documento.<\/li>\n<\/ul>\n\n\n\n<h2 class=\"wp-block-heading\">Como ser\u00e3o as provas concurso PC SP?<\/h2>\n\n\n\n<p>O&nbsp;<a href=\"https:\/\/www.editorasolucao.com.br\/blog\/concursos-abertos-sp\">certame<\/a>&nbsp;ser\u00e1 composto pelas seguintes etapas de sele\u00e7\u00e3o:<\/p>\n\n\n\n<ul>\n<li><strong>Prova Preambular (objetiva)<\/strong>&nbsp;\u2013 de car\u00e1ter&nbsp;<em>eliminat\u00f3rio<\/em>&nbsp;e&nbsp;<em>classificat\u00f3rio<\/em><\/li>\n\n\n\n<li><strong>Prova Escrita (discursiva)&nbsp;<\/strong>\u2013&nbsp;de car\u00e1ter&nbsp;<em>eliminat\u00f3rio&nbsp;<\/em>e&nbsp;<em>classificat\u00f3rio<\/em><\/li>\n\n\n\n<li><strong>Investiga\u00e7\u00e3o social<\/strong>&nbsp;\u2013 de car\u00e1ter&nbsp;<em>eliminat\u00f3rio<\/em><\/li>\n\n\n\n<li><strong>Prova Oral<\/strong>&nbsp;\u2013&nbsp;de car\u00e1ter eliminat\u00f3rio e&nbsp;<em>classificat\u00f3rio<\/em><\/li>\n\n\n\n<li><strong>Prova de T\u00edtulos<\/strong>&nbsp;\u2013 de car\u00e1ter&nbsp;<em>classificat\u00f3rio<\/em><\/li>\n<\/ul>\n\n\n\n<h3 class=\"wp-block-heading\">Prova Objetiva<\/h3>\n\n\n\n<p>Essa etapa dever\u00e1 ser realizada no dia <strong>3 de dezembro de 2023<\/strong> para os cargos de M\u00e9dico, Perito e Delegado.<\/p>\n\n\n\n<p>O exame ser\u00e1 composto por&nbsp;<strong>80 quest\u00f5es de m\u00faltipla escolha<\/strong>&nbsp;que ser\u00e3o versadas nas seguintes disciplinas:<\/p>\n\n\n\n<p><strong>Delegado<\/strong><\/p>\n\n\n\n<ul>\n<li>M\u00f3dulo I\n<ul>\n<li>Direito Penal (12)<\/li>\n<\/ul>\n<\/li>\n\n\n\n<li>M\u00f3dulo II\n<ul>\n<li>Direito Processual Penal (12)<\/li>\n<\/ul>\n<\/li>\n\n\n\n<li>M\u00f3dulo III\n<ul>\n<li>Legisla\u00e7\u00e3o Especial (10)<\/li>\n<\/ul>\n<\/li>\n\n\n\n<li>M\u00f3dulo IV\n<ul>\n<li>Direito Constitucional (12)<\/li>\n<\/ul>\n<\/li>\n\n\n\n<li>M\u00f3dulo V\n<ul>\n<li>Direitos Humanos (12)<\/li>\n<\/ul>\n<\/li>\n\n\n\n<li>M\u00f3dulo VI\n<ul>\n<li>Direito Administrativo (10)<\/li>\n<\/ul>\n<\/li>\n\n\n\n<li>M\u00f3dulo VII\n<ul>\n<li>Medicina Legal (03)&nbsp;<\/li>\n\n\n\n<li>Direito Civil (03)<\/li>\n\n\n\n<li>No\u00e7\u00f5es de Criminologia (03)<\/li>\n\n\n\n<li>No\u00e7\u00f5es de Inform\u00e1tica (03)<\/li>\n<\/ul>\n<\/li>\n<\/ul>\n\n\n\n<p><strong>M\u00e9dico Legista<\/strong><\/p>\n\n\n\n<ul>\n<li>M\u00f3dulo I\n<ul>\n<li>L\u00f3gica (04)<\/li>\n\n\n\n<li>Inform\u00e1tica (04)<\/li>\n\n\n\n<li>Direito (10)<\/li>\n\n\n\n<li>Criminologia (06)<\/li>\n\n\n\n<li>L\u00edngua Portuguesa (08)<\/li>\n<\/ul>\n<\/li>\n\n\n\n<li>M\u00f3dulo II\n<ul>\n<li>Medicina Legal (38)<\/li>\n\n\n\n<li>Criminal\u00edstica (10)<\/li>\n<\/ul>\n<\/li>\n<\/ul>\n\n\n\n<p><strong>Perito Criminal<\/strong><\/p>\n\n\n\n<ul>\n<li>M\u00f3dulo I:\n<ul>\n<li>No\u00e7\u00f5es de Direito (10 quest\u00f5es)<\/li>\n\n\n\n<li>Criminologia (04 quest\u00f5es)<\/li>\n\n\n\n<li>Criminal\u00edstica (05 quest\u00f5es)<\/li>\n\n\n\n<li>Medicina Legal (04 quest\u00f5es)<\/li>\n<\/ul>\n<\/li>\n\n\n\n<li>M\u00f3dulo II:\n<ul>\n<li>Matem\u00e1tica e Racioc\u00ednio L\u00f3gico (10 quest\u00f5es)<\/li>\n\n\n\n<li>Inform\u00e1tica (06 quest\u00f5es)<\/li>\n\n\n\n<li>Biologia (09 quest\u00f5es)<\/li>\n\n\n\n<li>F\u00edsica&nbsp;(09 quest\u00f5es)<\/li>\n\n\n\n<li>Qu\u00edmica (09 quest\u00f5es)<\/li>\n\n\n\n<li>Contabilidade (09 quest\u00f5es)<\/li>\n<\/ul>\n<\/li>\n\n\n\n<li>M\u00f3dulo III\n<ul>\n<li>L\u00edngua Portuguesa (10 quest\u00f5es)<\/li>\n<\/ul>\n<\/li>\n<\/ul>\n\n\n\n<p>Para mais detalhes do certame clique <a href=\"https:\/\/www.editorasolucao.com.br\/blog\/concurso\/policia-civil-sp\">aqui<\/a>.<\/p>\n\n\n\n<p><strong>Bons estudos e boa prova!!!<\/strong><\/p>\n","protected":false},"excerpt":{"rendered":"<p>Aten\u00e7\u00e3o, concurseiros! Foram divulgados os locais para a realiza\u00e7\u00e3o das provas do concurso PC SP (Pol\u00edcia Civil do estado de S\u00e3o Paulo) para os cargos de Perito, M\u00e9dico e Delegado, de n\u00edvel superior de escolaridade. Fique e confira os demais detalhes no decorrer da not\u00edcia. \ud83e\udd29 Onde conferir meu local de prova do concurso PC SP? Foi divulgada nesta ter\u00e7a-feira (28), por meio do site da banca organizadora, Funda\u00e7\u00e3o Vunesp, a&nbsp;convoca\u00e7\u00e3o para as provas&nbsp;do concurso PC SP para os cargos de Delegado, M\u00e9dico Legista&nbsp;e Perito Criminal. Saiba quais s\u00e3o as&nbsp;cidades&nbsp;onde haver\u00e1 a aplica\u00e7\u00e3o da prova: Qual documento de identifica\u00e7\u00e3o devo&#8230;<\/p>\n","protected":false},"author":18,"featured_media":38140,"comment_status":"closed","ping_status":"closed","sticky":false,"template":"","format":"standard","meta":{"_acf_changed":false,"rank_math_lock_modified_date":false,"footnotes":""},"categories":[50],"tags":[],"acf":[],"_links":{"self":[{"href":"https:\/\/www.editorasolucao.com.br\/blog\/wp-json\/wp\/v2\/posts\/38139"}],"collection":[{"href":"https:\/\/www.editorasolucao.com.br\/blog\/wp-json\/wp\/v2\/posts"}],"about":[{"href":"https:\/\/www.editorasolucao.com.br\/blog\/wp-json\/wp\/v2\/types\/post"}],"author":[{"embeddable":true,"href":"https:\/\/www.editorasolucao.com.br\/blog\/wp-json\/wp\/v2\/users\/18"}],"replies":[{"embeddable":true,"href":"https:\/\/www.editorasolucao.com.br\/blog\/wp-json\/wp\/v2\/comments?post=38139"}],"version-history":[{"count":10,"href":"https:\/\/www.editorasolucao.com.br\/blog\/wp-json\/wp\/v2\/posts\/38139\/revisions"}],"predecessor-version":[{"id":50815,"href":"https:\/\/www.editorasolucao.com.br\/blog\/wp-json\/wp\/v2\/posts\/38139\/revisions\/50815"}],"wp:featuredmedia":[{"embeddable":true,"href":"https:\/\/www.editorasolucao.com.br\/blog\/wp-json\/wp\/v2\/media\/38140"}],"wp:attachment":[{"href":"https:\/\/www.editorasolucao.com.br\/blog\/wp-json\/wp\/v2\/media?parent=38139"}],"wp:term":[{"taxonomy":"category","embeddable":true,"href":"https:\/\/www.editorasolucao.com.br\/blog\/wp-json\/wp\/v2\/categories?post=38139"},{"taxonomy":"post_tag","embeddable":true,"href":"https:\/\/www.editorasolucao.com.br\/blog\/wp-json\/wp\/v2\/tags?post=38139"}],"curies":[{"name":"wp","href":"https:\/\/api.w.org\/{rel}","templated":true}]}}