{"id":38261,"date":"2023-12-04T10:00:00","date_gmt":"2023-12-04T13:00:00","guid":{"rendered":"https:\/\/www.editorasolucao.com.br\/blog\/?p=38261"},"modified":"2023-12-04T12:09:18","modified_gmt":"2023-12-04T15:09:18","slug":"concurso-nacional-unificado-cidades-de-aplicacao-da-prova","status":"publish","type":"post","link":"https:\/\/www.editorasolucao.com.br\/blog\/artigo\/concurso-nacional-unificado-cidades-de-aplicacao-da-prova","title":{"rendered":"Concurso Nacional Unificado: Confira as cidades de aplica\u00e7\u00e3o da prova!"},"content":{"rendered":"\n<p>O CNU (<a href=\"https:\/\/www.editorasolucao.com.br\/blog\/concursos-previstos-nacional\">Concurso Nacional Unificado<\/a>) ter\u00e1 o edital publicado em breve com a oferta de 6.640 vagas que est\u00e3o distribu\u00eddas entre os 21 \u00f3rg\u00e3os que aderiram ao certame. As provas dever\u00e3o ser realizadas no <strong>primeiro trimestre de 2024<\/strong> em 180 munic\u00edpios espalhados pelo Brasil! Fico interessado(a)? Confira os demais detalhes no decorrer da not\u00edcia. \ud83d\ude09<\/p>\n\n\n\n<h2 class=\"wp-block-heading\">Quais ser\u00e3o os munic\u00edpios de aplica\u00e7\u00e3o das provas do CNU?<\/h2>\n\n\n\n<p>As provas do Concurso Nacional Unificado dever\u00e3o ser aplicadas em <strong>180 munic\u00edpios <\/strong>distribu\u00eddos por todo territ\u00f3rio brasileiros (regi\u00f5es: norte, nordeste, centro-oeste, sul e sudeste). Confira abaixo quais s\u00e3o os munic\u00edpios onde as avalia\u00e7\u00f5es poder\u00e3o ser realizadas:<\/p>\n\n\n\n<h3 class=\"wp-block-heading\">Regi\u00e3o Norte &#8211; 39 munic\u00edpios<\/h3>\n\n\n\n<ul><li><strong>Acre<\/strong><ul><li>Cruzeiro do Sul; e<\/li><li>Rio Branco.<\/li><\/ul><\/li><\/ul>\n\n\n\n<ul><li><strong>Amazonas<\/strong><ul><li>Coari;<\/li><li>Itacoatiara;<\/li><li>L\u00e1brea;<\/li><li>Manaus;<\/li><li>Manicor\u00e9;<\/li><li>Parintins;<\/li><li>S\u00e3o Gabriel da Cachoeira;<\/li><li>Tabatinga; e<\/li><li>Tef\u00e9.<\/li><\/ul><\/li><\/ul>\n\n\n\n<ul><li><strong>Amap\u00e1<\/strong><ul><li>Laranjal do Jari;&nbsp;<\/li><li>Macap\u00e1; e<\/li><li>Oiapoque.<\/li><\/ul><\/li><\/ul>\n\n\n\n<ul><li><strong>Par\u00e1<\/strong><ul><li>Altamira;<\/li><li>Bel\u00e9m;<\/li><li>Bragan\u00e7a;<\/li><li>Breves;<\/li><li>Camet\u00e1;<\/li><li>Itaituba;<\/li><li>Marab\u00e1;<\/li><li>Monte Alegre;<\/li><li>Oriximin\u00e1;<\/li><li>Paragominas;<\/li><li>Parauapebas;<\/li><li>Reden\u00e7\u00e3o;<\/li><li>Santana do Araguaia;<\/li><li>Santar\u00e9m;<\/li><li>S\u00e3o F\u00e9lix do Xingu; e<\/li><li>Tucuru\u00ed.<\/li><\/ul><\/li><\/ul>\n\n\n\n<ul><li><strong>Rond\u00f4nia<\/strong><ul><li>Ariquemes;<\/li><li>Ji-Paran\u00e1;<\/li><li>Porto Velho; e<\/li><li>Vilhena.<\/li><\/ul><\/li><\/ul>\n\n\n\n<ul><li><strong>Roraima<\/strong><ul><li>Boa Vista; e<\/li><li>Rorain\u00f3polis.<\/li><\/ul><\/li><\/ul>\n\n\n\n<ul><li><strong>Tocantins<\/strong><ul><li>Palmas;<\/li><li>Gurupi; e<\/li><li>Aragua\u00edna.<\/li><\/ul><\/li><\/ul>\n\n\n\n<h3 class=\"wp-block-heading\">Nordeste &#8211; 54 munic\u00edpios<\/h3>\n\n\n\n<ul><li><strong>Alagoas<\/strong><ul><li>Arapiraca; e<\/li><li>Macei\u00f3.<\/li><\/ul><\/li><\/ul>\n\n\n\n<ul><li><strong>Bahia<\/strong><ul><li>Barreiras;<\/li><li>Bom Jesus da Lapa;<\/li><li>Brumado;<\/li><li>Eun\u00e1polis;<\/li><li>Feira de Santana;<\/li><li>Guanambi;<\/li><li>Ilh\u00e9us;<\/li><li>Irec\u00ea;<\/li><li>Itaberaba;<\/li><li>Jacobina;<\/li><li>Jequi\u00e9;<\/li><li>Paulo Afonso;<\/li><li>Ribeira do Pombal;<\/li><li>Salvador;<\/li><li>Teixeira de Freitas; e<\/li><li>Vit\u00f3ria da Conquista.<\/li><\/ul><\/li><\/ul>\n\n\n\n<ul><li><strong>Cear\u00e1<\/strong><ul><li>Crat\u00e9us;<\/li><li>Fortaleza;<\/li><li>Iguatu;<\/li><li>Juazeiro do Norte;<\/li><li>Quixad\u00e1; e<\/li><li>Sobral.<\/li><\/ul><\/li><\/ul>\n\n\n\n<ul><li><strong>Maranh\u00e3o<\/strong><ul><li>Bacabal;<\/li><li>Balsas;<\/li><li>Caxias;<\/li><li>Chapadinha;<\/li><li>Imperatriz;<\/li><li>Pinheiro;<\/li><li>Presidente Dutra;<\/li><li>Santa In\u00eas; e<\/li><li>S\u00e3o Lu\u00eds.<\/li><\/ul><\/li><\/ul>\n\n\n\n<ul><li><strong>Para\u00edba<\/strong><ul><li>Campina Grande;<\/li><li>Jo\u00e3o Pessoa;<\/li><li>Patos; e<\/li><li>Sousa.<\/li><\/ul><\/li><\/ul>\n\n\n\n<ul><li><strong>Pernambuco<\/strong><ul><li>Caruaru;<\/li><li>Garanhuns;<\/li><li>Petrolina;<\/li><li>Recife; e<\/li><li>Serra Talhada.<\/li><\/ul><\/li><\/ul>\n\n\n\n<ul><li><strong>Piau\u00ed<\/strong><ul><li>Bom Jesus;<\/li><li>Corrente;<\/li><li>Floriano;<\/li><li>Parna\u00edba;<\/li><li>Picos;<\/li><li>S\u00e3o Raimundo Nonato; e<\/li><li>Teresina.<\/li><\/ul><\/li><\/ul>\n\n\n\n<ul><li><strong>Rio Grande do Norte<\/strong><ul><li>Caic\u00f3;<\/li><li>Mossor\u00f3; e<\/li><li>Natal.<\/li><\/ul><\/li><\/ul>\n\n\n\n<ul><li><strong>Sergipe<\/strong><ul><li>Aracaju;<\/li><li>Itabaiana.<\/li><\/ul><\/li><\/ul>\n\n\n\n<h3 class=\"wp-block-heading\">Centro Oeste &#8211; 20 munic\u00edpios<\/h3>\n\n\n\n<ul><li><strong>Distrito Federal<\/strong><ul><li>Bras\u00edlia.<\/li><\/ul><\/li><\/ul>\n\n\n\n<ul><li><strong>Goi\u00e1s<\/strong><ul><li>Catal\u00e3o;<\/li><li>Goian\u00e9sia;<\/li><li>Goi\u00e2nia;<\/li><li>Ipor\u00e1;<\/li><li>Itumbiara;<\/li><li>Mineiros;<\/li><li>Porangatu; e<\/li><li>Rio Verde.<\/li><\/ul><\/li><\/ul>\n\n\n\n<ul><li><strong>Mato Grosso do Sul<\/strong><ul><li>Campo Grande;<\/li><li>Corumb\u00e1;<\/li><li>Dourados; e<\/li><li>Tr\u00eas Lagoas.<\/li><\/ul><\/li><\/ul>\n\n\n\n<ul><li><strong>Mato Grosso<\/strong><ul><li>Alta Floresta<\/li><li>Barra do Gar\u00e7as;<\/li><li>C\u00e1ceres;<\/li><li>Cuiab\u00e1;<\/li><li>Rondon\u00f3polis;<\/li><li>Sinop; e<\/li><li>Tangar\u00e1 da Serra.<\/li><\/ul><\/li><\/ul>\n\n\n\n<h3 class=\"wp-block-heading\">Sudeste &#8211; 44 munic\u00edpios<\/h3>\n\n\n\n<ul><li><strong>Espirito Santo<\/strong><ul><li>Cachoeiro de Itaperim;<\/li><li>Colatina;<\/li><li>S\u00e3o Mateus; e<\/li><li>Vit\u00f3ria.<\/li><\/ul><\/li><\/ul>\n\n\n\n<ul><li><strong>Minas Gerais<\/strong><ul><li>Almenara;<\/li><li>Ara\u00e7ua\u00ed;<\/li><li>Arax\u00e1;<\/li><li>Belo Horizonte;<\/li><li>Curvelo;<\/li><li>Diamantina;<\/li><li>Divin\u00f3polis;<\/li><li>Governador Valadares;<\/li><li>Ipatinga;<\/li><li>Ituiutaba;<\/li><li>Jana\u00faba;<\/li><li>Janu\u00e1ria;<\/li><li>Juiz de Fora;<\/li><li>Lavras;<\/li><li>Montes Claros;<\/li><li>Muria\u00e9;<\/li><li>Paracatu;<\/li><li>Passos;<\/li><li>Patos de Minas;<\/li><li>Pirapora;<\/li><li>Pouso Alegre;<\/li><li>Te\u00f3filo Otoni;<\/li><li>Uberaba; e<\/li><li>Uberl\u00e2ndia.<\/li><\/ul><\/li><\/ul>\n\n\n\n<ul><li><strong>Rio de Janeiro<\/strong><ul><li>Cabo Frio;<\/li><li>Campos dos Goytacazes;<\/li><\/ul><ul><li>Rio de Janeiro; e<\/li><li>Volta Redonda.<\/li><\/ul><\/li><\/ul>\n\n\n\n<ul><li><strong>S\u00e3o Paulo<\/strong><ul><li>Ara\u00e7atuba;<\/li><li>Bauru;<\/li><li>Campinas;<\/li><li>Itapeva;<\/li><li>Mar\u00edlia;<\/li><li>Piracicaba;<\/li><li>Presidente Prudente;<\/li><li>Ribeir\u00e3o Preto;<\/li><li>S\u00e3o Jos\u00e9 do Rio Preto;<\/li><li>S\u00e3o Jos\u00e9 dos Campos;<\/li><li>S\u00e3o Paulo; e<\/li><li>Sorocaba.<\/li><\/ul><\/li><\/ul>\n\n\n\n<h3 class=\"wp-block-heading\">Sul &#8211; 23 munic\u00edpios<\/h3>\n\n\n\n<ul><li><strong>Paran\u00e1<\/strong><ul><li>Cascavel;<\/li><\/ul><ul><li>Curitiba;<\/li><li>Guarapuava;<\/li><li>Londrina;<\/li><li>Maring\u00e1;<\/li><li>Paranagu\u00e1;<\/li><li>Ponta Grossa; e<\/li><li>Umuarama.<\/li><\/ul><\/li><\/ul>\n\n\n\n<ul><li><strong>Rio Grande do Sul<\/strong><ul><li>Bag\u00e9;<\/li><li>Caxias do Sul;<\/li><li>Passo Fundo;<\/li><li>Pelotas;<\/li><li>Porto Alegre;<\/li><li>Santa Cruz do Sul;<\/li><li>Santa Maria;<\/li><li>Santo \u00c2ngelo; e<\/li><li>Uruguaiana.<\/li><\/ul><\/li><\/ul>\n\n\n\n<ul><li><strong>Santa Catarina<\/strong><ul><li>Ca\u00e7ador;<\/li><li>Chapec\u00f3;<\/li><li>Crici\u00fama;<\/li><li>Florian\u00f3polis;<\/li><li>Joinville; e<\/li><li>Lages.<\/li><\/ul><\/li><\/ul>\n\n\n\n<h2 class=\"wp-block-heading\">Quais os \u00f3rg\u00e3os que aderiram ao CNU?<\/h2>\n\n\n\n<p>Ao todo 21 \u00f3rg\u00e3os aderiram ao <a href=\"https:\/\/www.editorasolucao.com.br\/blog\/concursos-abertos-nacional\">Concurso Nacional Unificado<\/a> e s\u00e3o 6.640 vagas que est\u00e3o distribu\u00eddas da seguinte forma:<\/p>\n\n\n\n<ul><li>Minist\u00e9rio da Gest\u00e3o e da Inova\u00e7\u00e3o em Servi\u00e7os P\u00fablicos &#8211; MGI (<strong>1480 vagas<\/strong>)<\/li><li>Minist\u00e9rio do Desenvolvimento, Ind\u00fastria, Com\u00e9rcio e Servi\u00e7os &#8211; MDIC (<strong>110 vagas<\/strong>)<\/li><li>Ag\u00eancia Nacional de Transportes Aquavi\u00e1rios &#8211; ANTAQ (<strong>30 vagas<\/strong>)<\/li><li>Ag\u00eancia Nacional de Energia El\u00e9trica &#8211; ANEEL (<strong>40 vagas<\/strong>)<\/li><li>Minist\u00e9rio da Agricultura e Pecu\u00e1ria &#8211; MAPA e Instituto Nacional de Meteorologia &#8211; INMET (<strong>520 vagas<\/strong>)<\/li><li>Instituto Nacional de Coloniza\u00e7\u00e3o e Reforma Agr\u00e1ria &#8211; INCRA (<strong>742 vagas<\/strong>)<\/li><li>Minist\u00e9rio da Ci\u00eancia, Tecnologia e Inova\u00e7\u00e3o &#8211; MCTI (<strong>296 vagas<\/strong>)<\/li><li>Minist\u00e9rio dos Direitos Humanos (<strong>40 vagas<\/strong>)<\/li><li>Minist\u00e9rio da Educa\u00e7\u00e3o (<strong>70 vagas<\/strong>) <\/li><li>Funda\u00e7\u00e3o Nacional dos Povos Ind\u00edgenas &#8211; FUNAI (<strong>502 vagas<\/strong>)<\/li><li>Minist\u00e9rio da Sa\u00fade &#8211; MS (<strong>220 vagas<\/strong>) <\/li><li>Minist\u00e9rio da Justi\u00e7a e Seguran\u00e7a P\u00fablica &#8211; MJSP (<strong>130 vagas<\/strong>)<\/li><li>Minist\u00e9rio do Trabalho e Emprego &#8211; MTE (<strong>900 vagas<\/strong>) <\/li><li>Superintend\u00eancia Nacional de Previd\u00eancia Complementar &#8211; PREVIC (<strong>40 vagas<\/strong>)<\/li><li>Ag\u00eancia Nacional de Sa\u00fade Suplementar (<strong>35 vagas<\/strong>) <\/li><li>Instituto Brasileiro de Geografia e Estat\u00edstica &#8211; IBGE (<strong>895 vagas<\/strong>) <\/li><li>Advocacia-Geral da Uni\u00e3o &#8211; AGU (<strong>400 vagas<\/strong>)<\/li><li>Minist\u00e9rio dos Povos Ind\u00edgenas &#8211; MPI (<strong>30 vagas<\/strong>)<\/li><li>Minist\u00e9rio do Planejamento e Or\u00e7amento &#8211; MPO (<strong>60 vagas<\/strong>) <\/li><li>Minist\u00e9rio da Cultura &#8211; MinC (<strong>50 vagas<\/strong>) <\/li><li>Instituto Nacional de Estudos e Pesquisas Educacionais &#8211; Inep (<strong>50 vagas<\/strong>)<\/li><\/ul>\n\n\n\n<h2 class=\"wp-block-heading\" id=\"etapas\">Como ser\u00e3o as provas do CNU?<\/h2>\n\n\n\n<p>O concurso ser\u00e1 composto por&nbsp;<strong>duas etapas de sele\u00e7\u00e3o<\/strong>, s\u00e3o elas:<\/p>\n\n\n\n<ul><li>Primeira etapa, dividida nas seguintes fases<ul><li>Primeira fase: exame de habilidades e conhecimentos aferidos por meio de aplica\u00e7\u00e3o de&nbsp;<strong>provas objetivas e dissertativas<\/strong>, de car\u00e1ter&nbsp;<em>classificat\u00f3rio&nbsp;<\/em>e&nbsp;<em>eliminat\u00f3rio<\/em>;<\/li><\/ul><ul><li>Segunda fase: per\u00edcia m\u00e9dica (avalia\u00e7\u00e3o biopsicossocial) dos candidatos que se declararem com defici\u00eancia, de car\u00e1ter unicamente eliminat\u00f3rio, para&nbsp;<strong>verificar se efetivamente se trata de pessoas com defici\u00eancia<\/strong>, bem como a compatibilidade entre as atribui\u00e7\u00f5es do cargo e a defici\u00eancia apresentada pelos candidatos;<\/li><li>Terceira fase: procedimento de verifica\u00e7\u00e3o da condi\u00e7\u00e3o declarada para concorrer \u00e0s vagas reservadas aos&nbsp;<strong>candidatos negros<\/strong>, de car\u00e1ter unicamente eliminat\u00f3rio, na forma das disposi\u00e7\u00f5es da Instru\u00e7\u00e3o Normativa MGI n\u00ba 23, de 25 de julho de 2023;<\/li><li>Quarta fase: procedimento de confirma\u00e7\u00e3o da condi\u00e7\u00e3o declarada para concorrer \u00e0s vagas reservadas aos&nbsp;<strong>candidatos ind\u00edgenas<\/strong>, de car\u00e1ter unicamente eliminat\u00f3rio, para os cargos da Funda\u00e7\u00e3o Nacional dos Povos Ind\u00edgenas (FUNAI) atendendo ao art. 7\u00ba da Medida Provis\u00f3ria n\u00ba 1.181, de 18 de julho de 2023; e<\/li><\/ul><\/li><li>Segunda etapa: destinada a avalia\u00e7\u00e3o de t\u00edtulos, de car\u00e1ter&nbsp;<em>classificat\u00f3rio<\/em>.<\/li><\/ul>\n\n\n\n<p>As provas dever\u00e3o ser realizadas em\u00a0<strong>dois turnos<\/strong>, no domingo, nos per\u00edodos matutino e vespertino.<\/p>\n\n\n\n<p>Os candidatos dever\u00e3o selecionar um dos\u00a0<strong>blocos tem\u00e1ticos<\/strong>\u00a0de interesse, dentre deles est\u00e3o:<\/p>\n\n\n\n<ul><li>Administra\u00e7\u00e3o e Finan\u00e7as P\u00fablicas<\/li><li>Setores Econ\u00f4micos, Infraestrutura e Regula\u00e7\u00e3o<\/li><li>Agricultura, Meio Ambiente e Desenvolvimento Agr\u00e1rio<\/li><li>Educa\u00e7\u00e3o, Ci\u00eancia, Tecnologia e Inova\u00e7\u00e3o<\/li><li>Pol\u00edticas Sociais, Justi\u00e7a e Sa\u00fade<\/li><li>Trabalho e Previd\u00eancia<\/li><li>Dados, Tecnologia e Informa\u00e7\u00e3o P\u00fablica<\/li><li>N\u00edvel intermedi\u00e1rio<\/li><\/ul>\n\n\n\n<p>As provas do certame est\u00e3o previstas para serem realizadas no&nbsp;<strong>primeiro trimestre de 2024<\/strong>, entre os meses de fevereiro e mar\u00e7o.<\/p>\n\n\n\n<h2 class=\"wp-block-heading\">Quando edital do CNU ser\u00e1 publicado?<\/h2>\n\n\n\n<p>Com a contrata\u00e7\u00e3o da banca organizadora, a Funda\u00e7\u00e3o Cesgranrio,\u00a0<strong>o edital se torna iminente<\/strong>, podendo ser publicado a qualquer momento!<\/p>\n\n\n\n<p>De acordo com o cronograma previsto o edital dever\u00e1 ser publicado <strong>at\u00e9 o dia 20 de dezembro<\/strong>!<\/p>\n\n\n\n<p><strong>Fiquem ligados para as pr\u00f3ximas not\u00edcias!!!<\/strong><\/p>\n","protected":false},"excerpt":{"rendered":"<p>O CNU (Concurso Nacional Unificado) ter\u00e1 o edital publicado em breve com a oferta de 6.640 vagas que est\u00e3o distribu\u00eddas entre os 21 \u00f3rg\u00e3os que aderiram ao certame. As provas dever\u00e3o ser realizadas no primeiro trimestre de 2024 em 180 munic\u00edpios espalhados pelo Brasil! Fico interessado(a)? Confira os demais detalhes no decorrer da not\u00edcia. \ud83d\ude09 Quais ser\u00e3o os munic\u00edpios de aplica\u00e7\u00e3o das provas do CNU? As provas do Concurso Nacional Unificado dever\u00e3o ser aplicadas em 180 munic\u00edpios distribu\u00eddos por todo territ\u00f3rio brasileiros (regi\u00f5es: norte, nordeste, centro-oeste, sul e sudeste). Confira abaixo quais s\u00e3o os munic\u00edpios onde as avalia\u00e7\u00f5es poder\u00e3o ser&#8230;<\/p>\n","protected":false},"author":18,"featured_media":38262,"comment_status":"closed","ping_status":"closed","sticky":false,"template":"","format":"standard","meta":{"_acf_changed":false,"rank_math_lock_modified_date":false,"footnotes":""},"categories":[51],"tags":[],"acf":[],"_links":{"self":[{"href":"https:\/\/www.editorasolucao.com.br\/blog\/wp-json\/wp\/v2\/posts\/38261"}],"collection":[{"href":"https:\/\/www.editorasolucao.com.br\/blog\/wp-json\/wp\/v2\/posts"}],"about":[{"href":"https:\/\/www.editorasolucao.com.br\/blog\/wp-json\/wp\/v2\/types\/post"}],"author":[{"embeddable":true,"href":"https:\/\/www.editorasolucao.com.br\/blog\/wp-json\/wp\/v2\/users\/18"}],"replies":[{"embeddable":true,"href":"https:\/\/www.editorasolucao.com.br\/blog\/wp-json\/wp\/v2\/comments?post=38261"}],"version-history":[{"count":19,"href":"https:\/\/www.editorasolucao.com.br\/blog\/wp-json\/wp\/v2\/posts\/38261\/revisions"}],"predecessor-version":[{"id":38281,"href":"https:\/\/www.editorasolucao.com.br\/blog\/wp-json\/wp\/v2\/posts\/38261\/revisions\/38281"}],"wp:featuredmedia":[{"embeddable":true,"href":"https:\/\/www.editorasolucao.com.br\/blog\/wp-json\/wp\/v2\/media\/38262"}],"wp:attachment":[{"href":"https:\/\/www.editorasolucao.com.br\/blog\/wp-json\/wp\/v2\/media?parent=38261"}],"wp:term":[{"taxonomy":"category","embeddable":true,"href":"https:\/\/www.editorasolucao.com.br\/blog\/wp-json\/wp\/v2\/categories?post=38261"},{"taxonomy":"post_tag","embeddable":true,"href":"https:\/\/www.editorasolucao.com.br\/blog\/wp-json\/wp\/v2\/tags?post=38261"}],"curies":[{"name":"wp","href":"https:\/\/api.w.org\/{rel}","templated":true}]}}