{"id":38502,"date":"2023-12-13T10:00:00","date_gmt":"2023-12-13T13:00:00","guid":{"rendered":"https:\/\/www.editorasolucao.com.br\/blog\/?p=38502"},"modified":"2023-12-13T11:50:17","modified_gmt":"2023-12-13T14:50:17","slug":"prefeitura-de-santarem-pa","status":"publish","type":"post","link":"https:\/\/www.editorasolucao.com.br\/blog\/noticia\/prefeitura-de-santarem-pa","title":{"rendered":"Concurso Prefeitura de Santar\u00e9m-PA: Inscri\u00e7\u00f5es prorrogadas e provas adiadas!"},"content":{"rendered":"\n<p>Aten\u00e7\u00e3o, concurseiros! Foram prorrogadas as inscri\u00e7\u00f5es para o concurso Prefeitura de Santar\u00e9m, no estado do Par\u00e1. Al\u00e9m disso, as provas tamb\u00e9m foram adiadas e contam com <strong>novas datas<\/strong>. Fique e confira os demais detalhes no decorrer da not\u00edcia. \ud83d\ude09<\/p>\n\n\n\n<h2 class=\"wp-block-heading\" id=\"inscri\u00e7oes-santarem\">Qual a nova data para realizar a inscri\u00e7\u00e3o no concurso Prefeitura de Santar\u00e9m-PA?<\/h2>\n\n\n\n<p>As inscri\u00e7\u00f5es do concurso agora poder\u00e3o ser realizadas<strong> at\u00e9 o dia 17 de dezembro de 2023<\/strong>, atrav\u00e9s do site da banca de organizadora, <a href=\"https:\/\/institutovicentenelson.com.br\/informacoes\/86\/\" target=\"_blank\" rel=\"noreferrer noopener\">Instituto Vicente Nelson<\/a>.<\/p>\n\n\n\n<p>Para efetivar a inscri\u00e7\u00e3o \u00e9 necess\u00e1rio que o candidato efetue o pagamento de uma <strong>taxa <\/strong>no valor referente ao n\u00edvel de escolaridade do cargo desejado:<\/p>\n\n\n\n<ul><li>N\u00edvel fundamental: <strong>R$ 70,00<\/strong><\/li><li>N\u00edvel m\u00e9dio\/t\u00e9cnico: <strong>R$ 80,00<\/strong><\/li><li>N\u00edvel superior: <strong>R$ 100.00<\/strong><\/li><\/ul>\n\n\n\n<p>Aten\u00e7\u00e3o! O pagamento do boleto dever\u00e1 ser realizado <strong>at\u00e9 o dia 18 de dezembro de 2023<\/strong>.<\/p>\n\n\n\n<p>Houve a possibilidade de solicitar a <strong>isen\u00e7\u00e3o <\/strong>da taxa de inscri\u00e7\u00e3o para os candidatos que se adequassem nos termos do edital. O per\u00edodo de solicita\u00e7\u00e3o j\u00e1 foi <strong>encerrado<\/strong>. <\/p>\n\n\n\n<p>Clique <a href=\"https:\/\/www.editorasolucao.com.br\/blog\/concursos-abertos-pa\">aqui<\/a> e confira quais s\u00e3o os concursos abertos no estado do Par\u00e1.<\/p>\n\n\n\n<h2 class=\"wp-block-heading\" id=\"provas-santarem\">Como ser\u00e3o as provas do concurso Prefeitura de Santar\u00e9m-PA?<\/h2>\n\n\n\n<p>O certame ser\u00e1 composto pelas seguintes etapas:<\/p>\n\n\n\n<ul><li><strong>Prova Objetiva<\/strong> &#8211; de car\u00e1ter <em>eliminat\u00f3rio <\/em>e <em>classificat\u00f3rio<\/em>;<\/li><li><strong>Prova Discursiva<\/strong> &#8211; de car\u00e1ter <em>eliminat\u00f3rio <\/em>e classificat\u00f3rio;<ul><li>Somente para os cargos de Pedagogo e todos os cargos de Doc\u00eancia<\/li><\/ul><\/li><li><strong>Prova de T\u00edtulos<\/strong> &#8211; de car\u00e1ter <em>classificat\u00f3rio<\/em>.<ul><li>Somente para cargos de n\u00edvel superior<\/li><\/ul><\/li><\/ul>\n\n\n\n<h3 class=\"wp-block-heading\">Prova Objetiva<\/h3>\n\n\n\n<p>As datas para a realiza\u00e7\u00e3o dessa etapa tamb\u00e9m foram alteradas, sendo elas<\/p>\n\n\n\n<ul><li><strong>21 de janeiro de 2024<\/strong> &#8211; Para os cargos de N\u00edvel M\u00e9dio e cargos de Doc\u00eancia.<\/li><li><strong>28 de janeiro de 2024<\/strong> &#8211; Para os cargos de N\u00edvel Fundamental, Superior e Pedagogo;<\/li><\/ul>\n\n\n\n<p>Os locais para a realiza\u00e7\u00e3o da prova ser\u00e3o divulgados na data prevista de 09 de janeiro de 2024.<\/p>\n\n\n\n<p>Os candidatos ter\u00e3o o tempo m\u00e1ximo de 04 horas, exceto o para o cargo de Pedagogo e para os cargos de Doc\u00eancia que ter\u00e3o dura\u00e7\u00e3o de 5 horas.<\/p>\n\n\n\n<p>A avalia\u00e7\u00e3o ser\u00e1 composta por <strong>50 quest\u00f5es de m\u00faltipla escolha<\/strong> que ser\u00e3o versadas nas seguintes disciplinas:<\/p>\n\n\n\n<p><strong>N\u00edvel fundamental<\/strong><\/p>\n\n\n\n<ul><li>L\u00edngua Portuguesa (20)<\/li><li>Matem\u00e1tica (20)<\/li><li>Inform\u00e1tica B\u00e1sica (10)<\/li><\/ul>\n\n\n\n<p><strong>N\u00edvel m\u00e9dio e\/ou t\u00e9cnico:<\/strong><\/p>\n\n\n\n<ul><li>L\u00edngua portuguesa (15)<\/li><li>Inform\u00e1tica b\u00e1sica (10)<\/li><li>Conhecimentos espec\u00edficos (25)<\/li><\/ul>\n\n\n\n<p><strong>N\u00edvel superior<\/strong><\/p>\n\n\n\n<ul><li>L\u00edngua portuguesa (15)<\/li><li>Inform\u00e1tica b\u00e1sica (10)<\/li><li>Conhecimentos espec\u00edficos (25)<\/li><\/ul>\n\n\n\n<p>A prova ser\u00e1 avaliada em uma escala de 0 a 100 pontos, sendo assim, ser\u00e1 considerado <strong>aprovado <\/strong>o candidato que:<\/p>\n\n\n\n<ul><li>Obtiver o m\u00ednimo de 60% de pontos nas quest\u00f5es de Conhecimentos Gerais;<\/li><li>Obtiver o m\u00ednimo de 60% de pontos nas quest\u00f5es de Conhecimentos Espec\u00edficos (quando houver);<\/li><li>N\u00e3o obtiver 0 em nenhum conte\u00fado (disciplina) da prova objetiva;<\/li><\/ul>\n\n\n\n<p><\/p>\n\n\n\n<p>Confira os demais detalhes do certame clicando <a href=\"https:\/\/www.editorasolucao.com.br\/blog\/concurso\/prefeitura-de-santarem-pa\">aqui<\/a>. <\/p>\n\n\n\n<p><strong>Bons estudos e boa prova!!!<\/strong><\/p>\n","protected":false},"excerpt":{"rendered":"<p>Aten\u00e7\u00e3o, concurseiros! Foram prorrogadas as inscri\u00e7\u00f5es para o concurso Prefeitura de Santar\u00e9m, no estado do Par\u00e1. Al\u00e9m disso, as provas tamb\u00e9m foram adiadas e contam com novas datas. Fique e confira os demais detalhes no decorrer da not\u00edcia. \ud83d\ude09 Qual a nova data para realizar a inscri\u00e7\u00e3o no concurso Prefeitura de Santar\u00e9m-PA? As inscri\u00e7\u00f5es do concurso agora poder\u00e3o ser realizadas at\u00e9 o dia 17 de dezembro de 2023, atrav\u00e9s do site da banca de organizadora, Instituto Vicente Nelson. Para efetivar a inscri\u00e7\u00e3o \u00e9 necess\u00e1rio que o candidato efetue o pagamento de uma taxa no valor referente ao n\u00edvel de escolaridade&#8230;<\/p>\n","protected":false},"author":18,"featured_media":38505,"comment_status":"closed","ping_status":"closed","sticky":false,"template":"","format":"standard","meta":{"_acf_changed":false,"rank_math_lock_modified_date":false,"footnotes":""},"categories":[50],"tags":[],"acf":[],"_links":{"self":[{"href":"https:\/\/www.editorasolucao.com.br\/blog\/wp-json\/wp\/v2\/posts\/38502"}],"collection":[{"href":"https:\/\/www.editorasolucao.com.br\/blog\/wp-json\/wp\/v2\/posts"}],"about":[{"href":"https:\/\/www.editorasolucao.com.br\/blog\/wp-json\/wp\/v2\/types\/post"}],"author":[{"embeddable":true,"href":"https:\/\/www.editorasolucao.com.br\/blog\/wp-json\/wp\/v2\/users\/18"}],"replies":[{"embeddable":true,"href":"https:\/\/www.editorasolucao.com.br\/blog\/wp-json\/wp\/v2\/comments?post=38502"}],"version-history":[{"count":9,"href":"https:\/\/www.editorasolucao.com.br\/blog\/wp-json\/wp\/v2\/posts\/38502\/revisions"}],"predecessor-version":[{"id":38516,"href":"https:\/\/www.editorasolucao.com.br\/blog\/wp-json\/wp\/v2\/posts\/38502\/revisions\/38516"}],"wp:featuredmedia":[{"embeddable":true,"href":"https:\/\/www.editorasolucao.com.br\/blog\/wp-json\/wp\/v2\/media\/38505"}],"wp:attachment":[{"href":"https:\/\/www.editorasolucao.com.br\/blog\/wp-json\/wp\/v2\/media?parent=38502"}],"wp:term":[{"taxonomy":"category","embeddable":true,"href":"https:\/\/www.editorasolucao.com.br\/blog\/wp-json\/wp\/v2\/categories?post=38502"},{"taxonomy":"post_tag","embeddable":true,"href":"https:\/\/www.editorasolucao.com.br\/blog\/wp-json\/wp\/v2\/tags?post=38502"}],"curies":[{"name":"wp","href":"https:\/\/api.w.org\/{rel}","templated":true}]}}