{"id":41737,"date":"2024-04-09T12:24:19","date_gmt":"2024-04-09T15:24:19","guid":{"rendered":"https:\/\/www.editorasolucao.com.br\/blog\/?p=41737"},"modified":"2024-04-09T12:24:25","modified_gmt":"2024-04-09T15:24:25","slug":"policia-penal-ce-edital-pode-sair-a-qualquer-momento-serao-800-vagas-ofertadas","status":"publish","type":"post","link":"https:\/\/www.editorasolucao.com.br\/blog\/noticia\/policia-penal-ce-edital-pode-sair-a-qualquer-momento-serao-800-vagas-ofertadas","title":{"rendered":"Pol\u00edcia Penal CE: Edital pode sair a qualquer momento. Ser\u00e3o 800 vagas ofertadas!"},"content":{"rendered":"\n<p><strong>Ol\u00e1 concurseiros!<\/strong> Foi divulgado que o <strong>Idecan ser\u00e1 a banca organizadora<\/strong> respons\u00e1vel pelo novo concurso da Pol\u00edcia Penal CE. O edital deve sair em breve! Venha saber mais lendo essa not\u00edcia!! <\/p>\n\n\n\n<h2 class=\"wp-block-heading\">A banca organizadora<\/h2>\n\n\n\n<p>Foi divulgado que o Idecan ser\u00e1 a banca organizadora respons\u00e1vel pela realiza\u00e7\u00e3o do novo concurso da Pol\u00edcia Penal CE. <\/p>\n\n\n\n<p>O contrato com a banca j\u00e1 foi assinado, ou seja, o edital est\u00e1 em estado<strong> iminente. <\/strong>A espera pela sua divulga\u00e7\u00e3o \u00e9 pouca, visto que ele pode sair<strong> a qualquer momento! <\/strong><\/p>\n\n\n\n<p>Em janeiro, o secret\u00e1rio <strong>Mauro Albuquerque<\/strong>, fez uma publica\u00e7\u00e3o em seu <em>Instagram<\/em> dizendo que o edital para este concurso &#8220;est\u00e1 chegando&#8221; o que aumenta a expectativa para a sua divulga\u00e7\u00e3o! Ser\u00e1 que temos novidades ainda esta semana? N\u00e3o perca nossas not\u00edcias!! <\/p>\n\n\n\n<p>Vejamos a publica\u00e7\u00e3o feita pelo Idecan por meio de suas redes sociais: <\/p>\n\n\n\n<figure class=\"wp-block-image size-large\"><img loading=\"lazy\" decoding=\"async\" width=\"801\" height=\"480\" src=\"https:\/\/www.editorasolucao.com.br\/blog\/wp-content\/uploads\/2024\/04\/image-6-801x480.png\" alt=\"\" class=\"wp-image-41746\"\/><\/figure>\n\n\n\n<p><\/p>\n\n\n\n<p>\u00c9 muito importante para o candidato conhecer a banca organizadora e suas caracter\u00edsticas, por esse motivo, fizemos <strong>um resumo para informar<\/strong> voc\u00ea, interessado no concurso da Pol\u00edcia Penal CE, sobre a banca escolhida. Vejamos: <\/p>\n\n\n\n<p>O Idecan (Instituto de Desenvolvimento Educacional e Assistencial Nacional) \u00e9 uma das bancas de organiza\u00e7\u00e3o de concursos mais conhecidas de todo o pa\u00eds! <\/p>\n\n\n\n<p>O Idecan \u00e9 respons\u00e1vel pela organiza\u00e7\u00e3o de v\u00e1rios concursos p\u00fablicos como de diversas prefeituras, pol\u00edcias civis, corpos de bombeiros, universidades, e etc. <\/p>\n\n\n\n<p>A banca busca avaliar os candidatos por meio da <strong>prova objetiva de m\u00faltipla escolha<\/strong>, com cinco alternativas possuindo apenas uma correta. Essas provas costumam possuir de <strong>60 a 100 quest\u00f5es<\/strong>, ou seja, n\u00e3o s\u00e3o provas curtas. <\/p>\n\n\n\n<p>\u00c9 importante para o candidato que ele se prepare para as <strong>pegadinhas <\/strong>que as provas objetivas feitas pelo Idecan podem conter, visto que essa \u00e9 uma das principais caracter\u00edsticas desta banca organizadora. Ent\u00e3o, bastante aten\u00e7\u00e3o ao ler as quest\u00f5es! <\/p>\n\n\n\n<p>Al\u00e9m da prova objetiva, os editais organizados pelo Idecan podem contar prova pr\u00e1tica, de t\u00edtulos, e etc a depender dos cargos oferecidos. <\/p>\n\n\n\n<h2 class=\"wp-block-heading\">Quais vagas ser\u00e3o ofertadas? <\/h2>\n\n\n\n<p>Ainda n\u00e3o se sabe muitos detalhes sobre as vagas oferecidas pelo certame, de acordo com a nota publicada no dia<strong> 2 de abril <\/strong>pelo Di\u00e1rio Oficial do Estado do Cear\u00e1, ser\u00e3o ofertadas <strong>600 vagas imediatas e 200 para forma\u00e7\u00e3o de cadastro reserva. <\/strong><\/p>\n\n\n\n<p>Al\u00e9m disso, no termo de refer\u00eancia, tivemos detalhes sobre a distribui\u00e7\u00e3o das vagas: <\/p>\n\n\n\n<ul>\n<li><strong>G\u00eanero Masculino &#8211; 680 vagas<\/strong>\n<ul>\n<li>Contrata\u00e7\u00e3o Imediata\n<ul>\n<li>408 vagas para ampla concorr\u00eancia e 102 vagas para cotas. <\/li>\n<\/ul>\n<\/li>\n\n\n\n<li>Cadastro Reserva\n<ul>\n<li>136 vagas para ampla concorr\u00eancia e 34 vagas para cotas.<\/li>\n<\/ul>\n<\/li>\n<\/ul>\n<\/li>\n\n\n\n<li><strong>G\u00eanero Feminino &#8211; 120 vagas<\/strong>\n<ul>\n<li>Contrata\u00e7\u00e3o Imediata\n<ul>\n<li>72 vagas para ampla concorr\u00eancia e 18 vagas para cotas.<\/li>\n<\/ul>\n<\/li>\n\n\n\n<li>Cadastro Reserva\n<ul>\n<li>24 vagas para ampla concorr\u00eancia e 6 vagas para cotas. <\/li>\n<\/ul>\n<\/li>\n<\/ul>\n<\/li>\n<\/ul>\n\n\n\n<p>N\u00e3o foi divulgado a remunera\u00e7\u00e3o dos cargos, mas de acordo com o Portal da Transpar\u00eancia do Cear\u00e1, um servidor admitido pelo concurso pode chegar a receber at\u00e9 <strong>R$7 mil.  <\/strong><\/p>\n\n\n\n<h2 class=\"wp-block-heading\">As etapas de sele\u00e7\u00e3o<\/h2>\n\n\n\n<p>O termo de refer\u00eancia tamb\u00e9m tornou p\u00fablico as etapas de sele\u00e7\u00e3o as quais os candidatos ser\u00e3o submetidos, vejamos:<\/p>\n\n\n\n<ul>\n<li>Provas objetivas e discursivas;<\/li>\n\n\n\n<li>Teste de Aptid\u00e3o F\u00edsica;<\/li>\n\n\n\n<li>Avalia\u00e7\u00e3o Psicol\u00f3gica;<\/li>\n\n\n\n<li>Investiga\u00e7\u00e3o Social;<\/li>\n\n\n\n<li>Avalia\u00e7\u00e3o de Sa\u00fade; e<\/li>\n\n\n\n<li>Curso de Forma\u00e7\u00e3o. <\/li>\n<\/ul>\n\n\n\n<p>A <strong>prova objetiva <\/strong>ser\u00e1 constitu\u00edda de 80 quest\u00f5es, sendo 30 de conhecimentos b\u00e1sicos e 50 de conhecimentos espec\u00edficos. J\u00e1 a<strong> prova discursiva (reda\u00e7\u00e3o)<\/strong> ser\u00e1 exigido a elabora\u00e7\u00e3o de um texto com no m\u00e1ximo 30 linhas. <\/p>\n\n\n\n<h2 class=\"wp-block-heading\">\u00daltimo concurso da Pol\u00edcia Penal CE<\/h2>\n\n\n\n<p>O \u00faltimo concurso da Pol\u00edcia Penal CE foi realizado em 2017 e ofertou 1.000 vagas <strong>para o cargo de Agente Penitenci\u00e1rio<\/strong>, sendo distribu\u00eddas da seguinte forma: <\/p>\n\n\n\n<ul>\n<li>850 para candidatos do sexo masculino.<\/li>\n\n\n\n<li>150 para candidatas do sexo feminino.<\/li>\n<\/ul>\n\n\n\n<p>A remunera\u00e7\u00e3o inicial da \u00e9poca era de <strong>R$ 3.747,29. <\/strong><\/p>\n\n\n\n<p>Os candidatos ao concurso de 2017 foram avaliados nas seguintes etapas de sele\u00e7\u00e3o: <\/p>\n\n\n\n<ul>\n<li>Prova Objetiva. <\/li>\n\n\n\n<li>Inspe\u00e7\u00e3o de Sa\u00fade.<\/li>\n\n\n\n<li>Avalia\u00e7\u00e3o de Capacidade F\u00edsica.<\/li>\n\n\n\n<li>Avalia\u00e7\u00e3o Psicol\u00f3gica.<\/li>\n\n\n\n<li>Investiga\u00e7\u00e3o Social e Funcional.<\/li>\n\n\n\n<li>Curso de Forma\u00e7\u00e3o Profissional. <\/li>\n<\/ul>\n\n\n\n<h3 class=\"wp-block-heading\">Prova Objetiva<\/h3>\n\n\n\n<p>A prova objetiva foi constitu\u00edda das seguintes disciplinas: <\/p>\n\n\n\n<ul>\n<li>L\u00edngua Portuguesa \u2013 12 quest\u00f5es <\/li>\n\n\n\n<li>No\u00e7\u00f5es de Inform\u00e1tica \u2013 6 quest\u00f5es <\/li>\n\n\n\n<li>No\u00e7\u00f5es de Direito \u2013 10 quest\u00f5es <\/li>\n\n\n\n<li>Direitos Humanos e Cidadania \u2013 10 quest\u00f5es <\/li>\n\n\n\n<li>Legisla\u00e7\u00e3o Especial \u2013 10 quest\u00f5es <\/li>\n\n\n\n<li>Conhecimentos Espec\u00edficos \u2013 12 quest\u00f5es <\/li>\n<\/ul>\n\n\n\n<p>Para serem considerados aprovados, os candidatos tiveram que atingir, no m\u00ednimo, <strong>50% <\/strong>das quest\u00f5es em cada \u00e1rea de conhecimento. <\/p>\n\n\n\n<p><\/p>\n\n\n\n<p>Se<strong> interessou<\/strong> por esse certame? N\u00e3o perca nossas not\u00edcias e <a href=\"https:\/\/www.editorasolucao.com.br\/curso-online\/curso-policia-penal-ce\" target=\"_blank\" rel=\"noreferrer noopener\">n\u00e3o se esque\u00e7a de conferir nossos materiais!! <\/a><\/p>\n\n\n\n<p><\/p>\n","protected":false},"excerpt":{"rendered":"<p>Ol\u00e1 concurseiros! Foi divulgado que o Idecan ser\u00e1 a banca organizadora respons\u00e1vel pelo novo concurso da Pol\u00edcia Penal CE. O edital deve sair em breve! Venha saber mais lendo essa not\u00edcia!! A banca organizadora Foi divulgado que o Idecan ser\u00e1 a banca organizadora respons\u00e1vel pela realiza\u00e7\u00e3o do novo concurso da Pol\u00edcia Penal CE. O contrato com a banca j\u00e1 foi assinado, ou seja, o edital est\u00e1 em estado iminente. A espera pela sua divulga\u00e7\u00e3o \u00e9 pouca, visto que ele pode sair a qualquer momento! Em janeiro, o secret\u00e1rio Mauro Albuquerque, fez uma publica\u00e7\u00e3o em seu Instagram dizendo que o edital&#8230;<\/p>\n","protected":false},"author":21,"featured_media":41758,"comment_status":"closed","ping_status":"closed","sticky":false,"template":"","format":"standard","meta":{"_acf_changed":false,"rank_math_lock_modified_date":false,"footnotes":""},"categories":[50],"tags":[],"acf":[],"_links":{"self":[{"href":"https:\/\/www.editorasolucao.com.br\/blog\/wp-json\/wp\/v2\/posts\/41737"}],"collection":[{"href":"https:\/\/www.editorasolucao.com.br\/blog\/wp-json\/wp\/v2\/posts"}],"about":[{"href":"https:\/\/www.editorasolucao.com.br\/blog\/wp-json\/wp\/v2\/types\/post"}],"author":[{"embeddable":true,"href":"https:\/\/www.editorasolucao.com.br\/blog\/wp-json\/wp\/v2\/users\/21"}],"replies":[{"embeddable":true,"href":"https:\/\/www.editorasolucao.com.br\/blog\/wp-json\/wp\/v2\/comments?post=41737"}],"version-history":[{"count":7,"href":"https:\/\/www.editorasolucao.com.br\/blog\/wp-json\/wp\/v2\/posts\/41737\/revisions"}],"predecessor-version":[{"id":41769,"href":"https:\/\/www.editorasolucao.com.br\/blog\/wp-json\/wp\/v2\/posts\/41737\/revisions\/41769"}],"wp:featuredmedia":[{"embeddable":true,"href":"https:\/\/www.editorasolucao.com.br\/blog\/wp-json\/wp\/v2\/media\/41758"}],"wp:attachment":[{"href":"https:\/\/www.editorasolucao.com.br\/blog\/wp-json\/wp\/v2\/media?parent=41737"}],"wp:term":[{"taxonomy":"category","embeddable":true,"href":"https:\/\/www.editorasolucao.com.br\/blog\/wp-json\/wp\/v2\/categories?post=41737"},{"taxonomy":"post_tag","embeddable":true,"href":"https:\/\/www.editorasolucao.com.br\/blog\/wp-json\/wp\/v2\/tags?post=41737"}],"curies":[{"name":"wp","href":"https:\/\/api.w.org\/{rel}","templated":true}]}}