{"id":42358,"date":"2024-04-24T13:03:34","date_gmt":"2024-04-24T16:03:34","guid":{"rendered":"https:\/\/www.editorasolucao.com.br\/blog\/?p=42358"},"modified":"2024-04-24T13:04:55","modified_gmt":"2024-04-24T16:04:55","slug":"fms-teresina-cronograma-retificado","status":"publish","type":"post","link":"https:\/\/www.editorasolucao.com.br\/blog\/noticia\/fms-teresina-cronograma-retificado","title":{"rendered":"Edital FMS Teresina tem cronograma retificado. Confira o que muda!"},"content":{"rendered":"\n<p>Aten\u00e7\u00e3o, concurseiros! O cronograma do edital da \u00e1rea assistencial do <strong>concurso FMS Teresina<\/strong>, no estado do Piau\u00ed, foi retificado. Fique e confira os demais detalhes no decorrer da not\u00edcia. \ud83d\ude09<\/p>\n\n\n\n<h2 class=\"wp-block-heading\">O que mudou no cronograma do edital FMS Teresina?<\/h2>\n\n\n\n<p>A primeira retifica\u00e7\u00e3o do certame foi <strong>apenas para os cargos da \u00e1rea assistencial<\/strong> do Edital N\u00ba 01\/2024.<\/p>\n\n\n\n<p>O documento publicado pela banca altera a data de aplica\u00e7\u00e3o das provas objetiva e discursiva, que antes deveria ocorrer no dia 30 de junho, agora tem data marcada para o dia <strong>07 de julho de 2024<\/strong>.<\/p>\n\n\n\n<p>Confira o extrato do documento na \u00edntegra:<\/p>\n\n\n\n<figure class=\"wp-block-image size-full\"><img loading=\"lazy\" decoding=\"async\" width=\"571\" height=\"183\" src=\"https:\/\/www.editorasolucao.com.br\/blog\/wp-content\/uploads\/2024\/04\/image-17.png\" alt=\"\" class=\"wp-image-42363\"\/><\/figure>\n\n\n\n<p>Para mais detalhes sobre a retifica\u00e7\u00e3o <a href=\"\/Users\/Nova%20Concursos\/Downloads\/2J7C6YQ875UEFEF00PKGABR5LH5I6T2AFIX192DUW5CFSRYDRM7LMQX6OGECUENPP0EW4666R0JJ84UY5258.pdf\" target=\"_blank\" rel=\"noreferrer noopener\">clique aqui<\/a>.<\/p>\n\n\n\n<p>Vale ressaltar que a retifica\u00e7\u00e3o \u00e9 apenas para o Edital N\u00ba 01\/2024 &#8211; \u00c1rea Assistencial.<\/p>\n\n\n\n<p>O cronograma do Edital N\u00ba 02\/2024 &#8211; \u00c1rea Administrativa, at\u00e9 o momento, n\u00e3o sofreu nenhuma altera\u00e7\u00e3o.<\/p>\n\n\n\n<h2 class=\"wp-block-heading\">Quantas vagas est\u00e3o sendo ofertadas no concurso FMS Teresina?<\/h2>\n\n\n\n<p>O concurso FMS Teresina tem dois editais publicados, sendo um para a \u00e1rea Assistencial e o outro para Administrativa, ambos para n\u00edveis m\u00e9dio, t\u00e9cnico e superior.<\/p>\n\n\n\n<p>Ao todo est\u00e3o sendo ofertadas 4.644 vagas, sendo\u00a0<strong>643 imediatas e 4.001 oportunidades para forma\u00e7\u00e3o de cadastro reserva<\/strong>.<\/p>\n\n\n\n<p>Os sal\u00e1rios variam entre R$ 1.412,00 a R$ 12.199,92. Al\u00e9m disso, a jornada de trabalho varia entre 20 a 30 horas semanais, de acordo com o cargo pretendido pelo candidato.<\/p>\n\n\n\n<h2 class=\"wp-block-heading\">Quais ser\u00e3o as etapas de sele\u00e7\u00e3o do concurso FMS Teresina?<\/h2>\n\n\n\n<p>O certame ser\u00e1 composto pelas seguintes etapas de sele\u00e7\u00e3o:<\/p>\n\n\n\n<ol>\n<li><strong>Prova objetiva<\/strong>&nbsp;\u2013 de car\u00e1ter&nbsp;<em>eliminat\u00f3rio&nbsp;<\/em>e&nbsp;<em>classificat\u00f3rio<\/em><\/li>\n\n\n\n<li><strong>Prova discursiva<\/strong>&nbsp;\u2013 de car\u00e1ter&nbsp;<em>eliminat\u00f3rio&nbsp;<\/em>e&nbsp;<em>classificat\u00f3rio<\/em><\/li>\n\n\n\n<li><strong>Prova de t\u00edtulos<\/strong>\u00a0\u2013 de car\u00e1ter\u00a0<em>classificat\u00f3rio<\/em>\n<ul>\n<li>Somente para cargos de n\u00edvel superior<\/li>\n<\/ul>\n<\/li>\n<\/ol>\n\n\n\n<h3 class=\"wp-block-heading\">Prova objetiva<\/h3>\n\n\n\n<p>Essa etapa contar\u00e1 com dias dias de aplica\u00e7\u00e3o, sendo:<\/p>\n\n\n\n<h4 class=\"wp-block-heading\">Edital n\u00ba 01\/2024 \u2013 07 de julho de 2024<\/h4>\n\n\n\n<p><strong>Manh\u00e3 \u2013 De 08h00min \u00e0s 13h00min<\/strong><\/p>\n\n\n\n<ul>\n<li>N\u00edvel m\u00e9dio e t\u00e9cnico<\/li>\n<\/ul>\n\n\n\n<p><strong>Tarde \u2013 De 14h00min \u00e0s 19h00min<\/strong><\/p>\n\n\n\n<ul>\n<li>N\u00edvel superior<\/li>\n<\/ul>\n\n\n\n<h4 class=\"wp-block-heading\">Edital n\u00ba 02\/2024 \u2013 29 de junho de 2024<\/h4>\n\n\n\n<p><strong>Manh\u00e3 \u2013 De 08h00min \u00e0s 13h00min<\/strong><\/p>\n\n\n\n<ul>\n<li>N\u00edvel m\u00e9dio e t\u00e9cnico<\/li>\n<\/ul>\n\n\n\n<p><strong>Tarde \u2013 De 14h00min \u00e0s 19h00min<\/strong><\/p>\n\n\n\n<ul>\n<li>N\u00edvel superior<\/li>\n<\/ul>\n\n\n\n<p>A avalia\u00e7\u00e3o ser\u00e1 composta por&nbsp;<strong>60 quest\u00f5es de m\u00faltipla escolh<\/strong>a que ser\u00e3o versadas nas seguintes disciplinas:<\/p>\n\n\n\n<ol>\n<li>L\u00edngua Portuguesa (10)<\/li>\n\n\n\n<li>Racioc\u00ednio L\u00f3gico (10)<\/li>\n\n\n\n<li>Estatuto dos Servidores P\u00fablicos do Munic\u00edpio de Teresina \u2013 Lei Municipal n\u00ba 2.138\/1992 (05)<\/li>\n\n\n\n<li>Conhecimentos SUS (05)<\/li>\n\n\n\n<li>Conhecimentos espec\u00edficos ao cargo (30)<\/li>\n<\/ol>\n\n\n\n<p><strong>Confira: <\/strong><a href=\"https:\/\/www.editorasolucao.com.br\/apostila-solucao\/fms-teresina-assistente-tec-administrativo-auxiliar-administracao?q=fms%20teresina\">Apostila FMS Teresina: Assistente T\u00e9cnico Administrativo &#8211; Auxiliar de Administra\u00e7\u00e3o<\/a><\/p>\n\n\n\n<p>Ser\u00e1 considerado aprovado o candidato que obtiver 50% do total de pontos, n\u00e3o podendo obter nota igual a zero em qualquer uma das disciplinas.<\/p>\n\n\n\n<h3 class=\"wp-block-heading\">Prova discursiva<\/h3>\n\n\n\n<p>Essa fase ser\u00e1 composta por\u00a0<strong>uma reda\u00e7\u00e3o<\/strong>\u00a0que dever\u00e1 ser elaborada com base em um tema da atualidade, que constar\u00e1 de uma quest\u00e3o, e consistir\u00e1 na elabora\u00e7\u00e3o de texto dissertativo-argumentativo.<\/p>\n\n\n\n<p>O texto dever\u00e1 ser redigido em m\u00ednimo, 15, e no m\u00e1ximo, 25 linhas, onde ser\u00e3o avaliados os seguintes <strong>crit\u00e9rios<\/strong>:<\/p>\n\n\n\n<ol>\n<li>Formal\n<ul>\n<li>Dom\u00ednio da norma culta da l\u00edngua<\/li>\n\n\n\n<li>Pontua\u00e7\u00e3o, acentua\u00e7\u00e3o e ortografia<\/li>\n\n\n\n<li>Concord\u00e2ncia verbal e nominal<\/li>\n\n\n\n<li>Reg\u00eancia verbal e Nominal<\/li>\n\n\n\n<li>Coloca\u00e7\u00e3o pronominal<\/li>\n\n\n\n<li>Estrutura sint\u00e1tica de ora\u00e7\u00f5es e per\u00edodos, elementos coesivos<\/li>\n<\/ul>\n<\/li>\n\n\n\n<li>Textual\n<ul>\n<li>Respeito \u00e0 estrutura da tipologia textual solicitada<\/li>\n\n\n\n<li>Sequ\u00eancia l\u00f3gica e de organiza\u00e7\u00e3o do pensamento (introdu\u00e7\u00e3o, desenvolvimento e conclus\u00e3o)<\/li>\n\n\n\n<li>Uso adequado de conectivos e elementos anaf\u00f3ricos<\/li>\n\n\n\n<li>Observ\u00e2ncia da estrutura sint\u00e1tico sem\u00e2ntica dos per\u00edodos<\/li>\n\n\n\n<li>Coer\u00eancia e Coes\u00e3o<\/li>\n<\/ul>\n<\/li>\n\n\n\n<li>T\u00e9cnico\n<ul>\n<li>Compreens\u00e3o da proposta<\/li>\n\n\n\n<li>Habilidade argumentativa (atualiza\u00e7\u00e3o, originalidade e relev\u00e2ncia das informa\u00e7\u00f5es)<\/li>\n\n\n\n<li>Progress\u00e3o tem\u00e1tica<\/li>\n\n\n\n<li>Conhecimento do tema (cobertura dos t\u00f3picos apresentados: dom\u00ednio e inter-rela\u00e7\u00e3o entre os conceitos centrais do tema proposto)<\/li>\n\n\n\n<li>Capacidade de an\u00e1lise e senso cr\u00edtico em rela\u00e7\u00e3o ao tema proposto<\/li>\n<\/ul>\n<\/li>\n<\/ol>\n\n\n\n<p><\/p>\n\n\n\n<p>A avalia\u00e7\u00e3o ser\u00e1 avaliada em uma escala de 0 a 30 pontos, sendo considerado aprovado o candidato que tenha acertado, no m\u00ednimo, 50% na totalidade da pontua\u00e7\u00e3o.<\/p>\n\n\n\n<p>Para mais detalhes sobre o concurso <a href=\"https:\/\/www.editorasolucao.com.br\/blog\/concurso\/fms-pi\">clique aqui e confira<\/a>.<\/p>\n\n\n\n<p><strong>Bons estudos e boa prova!!!<\/strong><\/p>\n","protected":false},"excerpt":{"rendered":"<p>Aten\u00e7\u00e3o, concurseiros! O cronograma do edital da \u00e1rea assistencial do concurso FMS Teresina, no estado do Piau\u00ed, foi retificado. Fique e confira os demais detalhes no decorrer da not\u00edcia. \ud83d\ude09 O que mudou no cronograma do edital FMS Teresina? A primeira retifica\u00e7\u00e3o do certame foi apenas para os cargos da \u00e1rea assistencial do Edital N\u00ba 01\/2024. O documento publicado pela banca altera a data de aplica\u00e7\u00e3o das provas objetiva e discursiva, que antes deveria ocorrer no dia 30 de junho, agora tem data marcada para o dia 07 de julho de 2024. Confira o extrato do documento na \u00edntegra: Para&#8230;<\/p>\n","protected":false},"author":18,"featured_media":42364,"comment_status":"closed","ping_status":"closed","sticky":false,"template":"","format":"standard","meta":{"_acf_changed":false,"rank_math_lock_modified_date":false,"footnotes":""},"categories":[50],"tags":[],"acf":[],"_links":{"self":[{"href":"https:\/\/www.editorasolucao.com.br\/blog\/wp-json\/wp\/v2\/posts\/42358"}],"collection":[{"href":"https:\/\/www.editorasolucao.com.br\/blog\/wp-json\/wp\/v2\/posts"}],"about":[{"href":"https:\/\/www.editorasolucao.com.br\/blog\/wp-json\/wp\/v2\/types\/post"}],"author":[{"embeddable":true,"href":"https:\/\/www.editorasolucao.com.br\/blog\/wp-json\/wp\/v2\/users\/18"}],"replies":[{"embeddable":true,"href":"https:\/\/www.editorasolucao.com.br\/blog\/wp-json\/wp\/v2\/comments?post=42358"}],"version-history":[{"count":6,"href":"https:\/\/www.editorasolucao.com.br\/blog\/wp-json\/wp\/v2\/posts\/42358\/revisions"}],"predecessor-version":[{"id":42369,"href":"https:\/\/www.editorasolucao.com.br\/blog\/wp-json\/wp\/v2\/posts\/42358\/revisions\/42369"}],"wp:featuredmedia":[{"embeddable":true,"href":"https:\/\/www.editorasolucao.com.br\/blog\/wp-json\/wp\/v2\/media\/42364"}],"wp:attachment":[{"href":"https:\/\/www.editorasolucao.com.br\/blog\/wp-json\/wp\/v2\/media?parent=42358"}],"wp:term":[{"taxonomy":"category","embeddable":true,"href":"https:\/\/www.editorasolucao.com.br\/blog\/wp-json\/wp\/v2\/categories?post=42358"},{"taxonomy":"post_tag","embeddable":true,"href":"https:\/\/www.editorasolucao.com.br\/blog\/wp-json\/wp\/v2\/tags?post=42358"}],"curies":[{"name":"wp","href":"https:\/\/api.w.org\/{rel}","templated":true}]}}