{"id":45039,"date":"2025-01-10T14:09:49","date_gmt":"2025-01-10T17:09:49","guid":{"rendered":"https:\/\/www.editorasolucao.com.br\/blog\/?p=45039"},"modified":"2025-12-10T07:56:13","modified_gmt":"2025-12-10T10:56:13","slug":"concurso-mpu-requisitos","status":"publish","type":"post","link":"https:\/\/www.editorasolucao.com.br\/blog\/artigo\/concurso-mpu-requisitos","title":{"rendered":"Concurso MPU: Sal\u00e1rios, requisitos e atribui\u00e7\u00f5es dos cargos!"},"content":{"rendered":"\n<p>Com a recente publica\u00e7\u00e3o do edital do concurso do MPU <a href=\"https:\/\/www.editorasolucao.com.br\/blog\/concurso\/mpu\">(Minist\u00e9rio P\u00fablico da Uni\u00e3o),<\/a> \u00e9 natural que muitos se perguntem sobre os sal\u00e1rios, requisitos e atribui\u00e7\u00f5es dos cargos dispon\u00edveis. Esta \u00e9 a sua chance de ficar por dentro de todas as informa\u00e7\u00f5es importantes sobre a sele\u00e7\u00e3o! Continue lendo e descubra todos os detalhes que voc\u00ea precisa saber.<\/p>\n\n\n\n<h2 class=\"wp-block-heading\">Edital do concurso MPU foi divulgado <\/h2>\n\n\n\n<p>O edital do concurso MPU foi divulgado e est\u00e1 ofertando <strong>152 vagas<\/strong> para cargos de n\u00edvel superior de forma\u00e7\u00e3o. Confira:<\/p>\n\n\n\n<h3 class=\"wp-block-heading\">T\u00e9cnico <\/h3>\n\n\n\n<ul>\n<li>t\u00e9cnico de administra\u00e7\u00e3o&nbsp;(56)<\/li>\n\n\n\n<li>t\u00e9cnico policial institucional&nbsp;(8)<\/li>\n\n\n\n<li>t\u00e9cnico de enfermagem&nbsp;(1)<\/li>\n<\/ul>\n\n\n\n<p><\/p>\n\n\n\n<p>Os candidatos que forem aprovados nessa \u00e1rea receber\u00e3o um sal\u00e1rio inicial de <strong>R$8.529,65<\/strong> para uma carga hor\u00e1ria de 40 horas.<\/p>\n\n\n\n<h3 class=\"wp-block-heading\">Analista<\/h3>\n\n\n\n<ul>\n<li>analista de direito&nbsp;(56)<\/li>\n\n\n\n<li>analista especializado (32)<\/li>\n<\/ul>\n\n\n\n<p><\/p>\n\n\n\n<p>Os analistas aprovados receber\u00e3o uma remunera\u00e7\u00e3o inicial de <strong>R$13.994,78<\/strong> para uma carga hor\u00e1ria de 40 horas.<\/p>\n\n\n\n<h2 class=\"wp-block-heading\">Requisitos espec\u00edficos para a investidura dos cargos do concurso MPU<\/h2>\n\n\n\n<p>Saiba quais s\u00e3o os requisitos espec\u00edficos de cada cargo exigidos para a participa\u00e7\u00e3o no concurso MPU:<\/p>\n\n\n\n<h3 class=\"wp-block-heading\">Analista do MPU<\/h3>\n\n\n\n<p><strong>Atuarial<\/strong><\/p>\n\n\n\n<ul>\n<li>Escolaridade: Curso superior completo, em n\u00edvel de gradua\u00e7\u00e3o.<\/li>\n\n\n\n<li>Habilita\u00e7\u00e3o Legal Espec\u00edfica: Curso superior em Ci\u00eancias Cont\u00e1beis e Atuariais ou Ci\u00eancias Atuariais, devidamente reconhecido.<\/li>\n\n\n\n<li>Experi\u00eancia Profissional: N\u00e3o \u00e9 necess\u00e1ria.<\/li>\n\n\n\n<li>Registro Profissional no \u00d3rg\u00e3o de Classe Competente: \u00c9 necess\u00e1rio.<\/li>\n<\/ul>\n\n\n\n<p><strong>Biblioteconomia <\/strong><\/p>\n\n\n\n<ul>\n<li>Escolaridade: Curso superior completo, em n\u00edvel de gradua\u00e7\u00e3o.<\/li>\n\n\n\n<li>Habilita\u00e7\u00e3o Legal Espec\u00edfica: Curso superior em Biblioteconomia, devidamente reconhecido.<\/li>\n\n\n\n<li>Experi\u00eancia Profissional: N\u00e3o \u00e9 necess\u00e1ria.<\/li>\n\n\n\n<li>Registro Profissional no \u00d3rg\u00e3o de Classe Competente: \u00c9 necess\u00e1rio.<\/li>\n<\/ul>\n\n\n\n<p><strong>Comunica\u00e7\u00e3o Social <\/strong><\/p>\n\n\n\n<ul>\n<li>Escolaridade: Curso superior completo, em n\u00edvel de gradua\u00e7\u00e3o.<\/li>\n\n\n\n<li>Habilita\u00e7\u00e3o Legal Espec\u00edfica: Curso superior em Comunica\u00e7\u00e3o Social (Jornalismo, Publicidade, R\u00e1dio e TV, Propaganda, Rela\u00e7\u00f5es P\u00fablicas ou Comunica\u00e7\u00e3o Organizacional), devidamente reconhecido.<\/li>\n\n\n\n<li>Experi\u00eancia Profissional: N\u00e3o \u00e9 necess\u00e1ria.<\/li>\n\n\n\n<li>Registro Profissional na Delegacia Regional do Trabalho: \u00c9 necess\u00e1rio.<\/li>\n<\/ul>\n\n\n\n<p><strong>Cl\u00ednica M\u00e9dica<\/strong><\/p>\n\n\n\n<ul>\n<li>Escolaridade: Curso superior completo, em n\u00edvel de gradua\u00e7\u00e3o.<\/li>\n\n\n\n<li>Habilita\u00e7\u00e3o Legal Espec\u00edfica: Curso superior em Medicina, com t\u00edtulo ou certificado de especializa\u00e7\u00e3o em Cl\u00ednica M\u00e9dica, devidamente reconhecidos.<\/li>\n\n\n\n<li>Experi\u00eancia profissional: N\u00e3o \u00e9 necess\u00e1ria.<\/li>\n\n\n\n<li>Registro Profissional no \u00d3rg\u00e3o de Classe Competente: \u00c9 necess\u00e1rio.<\/li>\n<\/ul>\n\n\n\n<p><strong>Direito <\/strong><\/p>\n\n\n\n<ul>\n<li>Escolaridade: Curso superior completo, em n\u00edvel de gradua\u00e7\u00e3o.<\/li>\n\n\n\n<li>Habilita\u00e7\u00e3o Legal Espec\u00edfica: Curso superior em Direito, devidamente reconhecido.<\/li>\n\n\n\n<li>Experi\u00eancia Profissional: N\u00e3o \u00e9 necess\u00e1ria.<\/li>\n\n\n\n<li>Registro Profissional no \u00d3rg\u00e3o de Classe Competente: N\u00e3o \u00e9 necess\u00e1rio.<\/li>\n<\/ul>\n\n\n\n<p><strong>Ginecologia <\/strong><\/p>\n\n\n\n<ul>\n<li>Escolaridade: Curso superior completo, em n\u00edvel de gradua\u00e7\u00e3o.<\/li>\n\n\n\n<li>Habilita\u00e7\u00e3o Legal Espec\u00edfica: Curso superior em Medicina, com t\u00edtulo ou certificado de especializa\u00e7\u00e3o em Ginecologia, devidamente reconhecidos.<\/li>\n\n\n\n<li>Experi\u00eancia profissional: N\u00e3o \u00e9 necess\u00e1ria.<\/li>\n\n\n\n<li>Registro Profissional no \u00d3rg\u00e3o de Classe Competente: \u00c9 necess\u00e1rio.<\/li>\n<\/ul>\n\n\n\n<p><strong>Perito em Biologia<\/strong><\/p>\n\n\n\n<ul>\n<li>Escolaridade: Curso superior completo, em n\u00edvel de gradua\u00e7\u00e3o.<\/li>\n\n\n\n<li>Habilita\u00e7\u00e3o Legal Espec\u00edfica: Curso superior em Biologia, devidamente reconhecido.<\/li>\n\n\n\n<li>Experi\u00eancia Profissional: N\u00e3o \u00e9 necess\u00e1ria.<\/li>\n\n\n\n<li>Registro Profissional no \u00d3rg\u00e3o de Classe Competente: \u00c9 necess\u00e1rio.<\/li>\n<\/ul>\n\n\n\n<p><strong>Perito em Antropologia <\/strong><\/p>\n\n\n\n<ul>\n<li>Escolaridade: Curso superior completo, em n\u00edvel de gradua\u00e7\u00e3o.<\/li>\n\n\n\n<li>Habilita\u00e7\u00e3o Legal Espec\u00edfica: Curso superior em Antropologia ou em Ci\u00eancias Sociais, com habilita\u00e7\u00e3o em Antropologia, devidamente reconhecidos; ou mestrado ou doutorado em Antropologia ou Antropologia Social, devidamente reconhecidos.<\/li>\n\n\n\n<li>Experi\u00eancia Profissional: N\u00e3o \u00e9 necess\u00e1ria.<\/li>\n\n\n\n<li>Registro Profissional no \u00d3rg\u00e3o de Classe Competente: N\u00e3o \u00e9 necess\u00e1rio.<\/li>\n<\/ul>\n\n\n\n<p><strong>Oftalmologia <\/strong><\/p>\n\n\n\n<ul>\n<li>Escolaridade: Curso superior completo, em n\u00edvel de gradua\u00e7\u00e3o.<\/li>\n\n\n\n<li>Habilita\u00e7\u00e3o Legal Espec\u00edfica: Curso superior em Medicina, com t\u00edtulo ou certificado de especializa\u00e7\u00e3o em Oftalmologia, devidamente reconhecidos.<\/li>\n\n\n\n<li>Experi\u00eancia profissional: N\u00e3o \u00e9 necess\u00e1ria.<\/li>\n\n\n\n<li>Registro Profissional no \u00d3rg\u00e3o de Classe Competente: \u00c9 necess\u00e1rio.<\/li>\n<\/ul>\n\n\n\n<p><strong>Perito em Arquitetura <\/strong><\/p>\n\n\n\n<ul>\n<li>Escolaridade: Curso superior completo, em n\u00edvel de gradua\u00e7\u00e3o.<\/li>\n\n\n\n<li>Habilita\u00e7\u00e3o Legal Espec\u00edfica: Curso superior em Arquitetura ou em Arquitetura e Urbanismo, devidamente reconhecido.<\/li>\n\n\n\n<li>Experi\u00eancia Profissional: N\u00e3o \u00e9 necess\u00e1ria.<\/li>\n\n\n\n<li>Registro Profissional no \u00d3rg\u00e3o de Classe Competente: \u00c9 necess\u00e1rio.<\/li>\n<\/ul>\n\n\n\n<p><strong>Perito em Contabilidade <\/strong><\/p>\n\n\n\n<ul>\n<li>Escolaridade: Curso superior completo, em n\u00edvel de gradua\u00e7\u00e3o.<\/li>\n\n\n\n<li>Habilita\u00e7\u00e3o Legal Espec\u00edfica: Curso superior em Ci\u00eancias Cont\u00e1beis, devidamente reconhecido.<\/li>\n\n\n\n<li>Experi\u00eancia Profissional: N\u00e3o \u00e9 necess\u00e1ria.<\/li>\n\n\n\n<li>Registro Profissional no \u00d3rg\u00e3o de Classe Competente: \u00c9 necess\u00e1rio.<\/li>\n<\/ul>\n\n\n\n<p><strong>Perito em Economia <\/strong><\/p>\n\n\n\n<ul>\n<li>Escolaridade: Curso superior completo, em n\u00edvel de gradua\u00e7\u00e3o.<\/li>\n\n\n\n<li>Habilita\u00e7\u00e3o Legal Espec\u00edfica: Curso superior em Economia, devidamente reconhecido.<\/li>\n\n\n\n<li>Experi\u00eancia Profissional: N\u00e3o \u00e9 necess\u00e1ria.<\/li>\n\n\n\n<li>Registro Profissional no \u00d3rg\u00e3o de Classe Competente: \u00c9 necess\u00e1rio.<\/li>\n<\/ul>\n\n\n\n<p><strong>Perito em Engenharias <\/strong><\/p>\n\n\n\n<ul>\n<li>Escolaridade: Curso superior completo, em n\u00edvel de gradua\u00e7\u00e3o.<\/li>\n\n\n\n<li>Habilita\u00e7\u00e3o Legal Espec\u00edfica: Curso superior em Engenharia, devidamente reconhecido.<\/li>\n\n\n\n<li>Experi\u00eancia Profissional: N\u00e3o \u00e9 necess\u00e1ria.<\/li>\n\n\n\n<li>Registro Profissional no \u00d3rg\u00e3o de Classe Competente: \u00c9 necess\u00e1rio.<\/li>\n<\/ul>\n\n\n\n<p><strong>Perito em Oceanografia <\/strong><\/p>\n\n\n\n<ul>\n<li>Escolaridade: Curso superior completo, em n\u00edvel de gradua\u00e7\u00e3o.<\/li>\n\n\n\n<li>Habilita\u00e7\u00e3o Legal Espec\u00edfica: Curso superior em Oceanografia, devidamente reconhecido.<\/li>\n\n\n\n<li>Experi\u00eancia Profissional: N\u00e3o \u00e9 necess\u00e1ria.<\/li>\n\n\n\n<li>Registro Profissional no \u00d3rg\u00e3o de Classe Competente: N\u00e3o \u00e9 necess\u00e1rio.<\/li>\n<\/ul>\n\n\n\n<p><strong>Perito em Geologia <\/strong><\/p>\n\n\n\n<ul>\n<li>Escolaridade: Curso superior completo, em n\u00edvel de gradua\u00e7\u00e3o.<\/li>\n\n\n\n<li>Habilita\u00e7\u00e3o Legal Espec\u00edfica: Curso superior em Geologia ou Engenharia Geol\u00f3gica, devidamente reconhecido.<\/li>\n\n\n\n<li>Experi\u00eancia Profissional: N\u00e3o \u00e9 necess\u00e1ria.<\/li>\n\n\n\n<li>Registro Profissional no \u00d3rg\u00e3o de Classe Competente: \u00c9 necess\u00e1rio.<\/li>\n<\/ul>\n\n\n\n<p><strong>Perito em Medicina do Trabalho <\/strong><\/p>\n\n\n\n<ul>\n<li>Escolaridade: Curso superior completo, em n\u00edvel de gradua\u00e7\u00e3o.<\/li>\n\n\n\n<li>Habilita\u00e7\u00e3o Legal Espec\u00edfica: Curso superior em Medicina, com t\u00edtulo de especialista em Medicina do Trabalho emitido pela AMB\/ANAMT ou resid\u00eancia m\u00e9dica em Medicina do Trabalho, devidamente registrados no \u00d3rg\u00e3o de Classe competente.<\/li>\n\n\n\n<li>Experi\u00eancia Profissional: N\u00e3o \u00e9 necess\u00e1ria.<\/li>\n\n\n\n<li>Registro Profissional no \u00d3rg\u00e3o de Classe Competente: \u00c9 necess\u00e1rio.<\/li>\n<\/ul>\n\n\n\n<p><strong>Perito em Tecnologia da Informa\u00e7\u00e3o e Comunica\u00e7\u00e3o <\/strong><\/p>\n\n\n\n<ul>\n<li>Escolaridade: Curso superior completo, em n\u00edvel de gradua\u00e7\u00e3o.<\/li>\n\n\n\n<li>Habilita\u00e7\u00e3o Legal Espec\u00edfica: Curso superior na \u00e1rea de Tecnologia da Informa\u00e7\u00e3o, devidamente reconhecido.<\/li>\n\n\n\n<li>Experi\u00eancia Profissional: N\u00e3o \u00e9 necess\u00e1ria.<\/li>\n\n\n\n<li>Registro Profissional no \u00d3rg\u00e3o de Classe Competente: N\u00e3o \u00e9 necess\u00e1rio.<\/li>\n<\/ul>\n\n\n\n<p><strong>Suporte e Infraestrutura <\/strong><\/p>\n\n\n\n<ul>\n<li>Escolaridade: Curso superior completo, em n\u00edvel de gradua\u00e7\u00e3o.<\/li>\n\n\n\n<li>Habilita\u00e7\u00e3o Legal Espec\u00edfica: Curso superior na \u00e1rea de Tecnologia da Informa\u00e7\u00e3o, devidamente reconhecido.<\/li>\n\n\n\n<li>Experi\u00eancia Profissional: N\u00e3o \u00e9 necess\u00e1ria.<\/li>\n\n\n\n<li>Registro Profissional no \u00d3rg\u00e3o de Classe Competente: N\u00e3o \u00e9 necess\u00e1rio.<\/li>\n<\/ul>\n\n\n\n<p><strong>Odontologia <\/strong><\/p>\n\n\n\n<ul>\n<li>Escolaridade: Curso superior completo, em n\u00edvel de gradua\u00e7\u00e3o.<\/li>\n\n\n\n<li>Habilita\u00e7\u00e3o Legal Espec\u00edfica: Curso superior em Odontologia, devidamente reconhecido.<\/li>\n\n\n\n<li>Experi\u00eancia Profissional: N\u00e3o \u00e9 necess\u00e1ria.<\/li>\n\n\n\n<li>Registro Profissional no \u00d3rg\u00e3o de Classe Competente: \u00c9 necess\u00e1rio.<\/li>\n<\/ul>\n\n\n\n<p><strong>Psicologia <\/strong><\/p>\n\n\n\n<ul>\n<li>Escolaridade: Curso superior completo, em n\u00edvel de gradua\u00e7\u00e3o.<\/li>\n\n\n\n<li>Habilita\u00e7\u00e3o Legal Espec\u00edfica: Curso superior em Psicologia, devidamente reconhecido.<\/li>\n\n\n\n<li>Experi\u00eancia Profissional: N\u00e3o \u00e9 necess\u00e1ria.<\/li>\n\n\n\n<li>Registro Profissional no \u00d3rg\u00e3o de Classe Competente: \u00c9 necess\u00e1rio.<\/li>\n<\/ul>\n\n\n\n<p><strong>Servi\u00e7o Social <\/strong><\/p>\n\n\n\n<ul>\n<li>Escolaridade: Curso superior completo, em n\u00edvel de gradua\u00e7\u00e3o.<\/li>\n\n\n\n<li>Habilita\u00e7\u00e3o Legal Espec\u00edfica: Curso superior em Servi\u00e7o Social, devidamente reconhecido.<\/li>\n\n\n\n<li>Experi\u00eancia Profissional: N\u00e3o \u00e9 necess\u00e1ria.<\/li>\n\n\n\n<li>Registro Profissional no \u00d3rg\u00e3o de Classe Competente: \u00c9 necess\u00e1rio.<\/li>\n<\/ul>\n\n\n\n<p><strong>Desenvolvimento de Sistemas<\/strong><\/p>\n\n\n\n<ul>\n<li>Escolaridade: Curso superior completo, em n\u00edvel de gradua\u00e7\u00e3o.<\/li>\n\n\n\n<li>Habilita\u00e7\u00e3o Legal Espec\u00edfica: Curso superior na \u00e1rea de Tecnologia da Informa\u00e7\u00e3o, devidamente reconhecido.<\/li>\n\n\n\n<li>Experi\u00eancia Profissional: N\u00e3o \u00e9 necess\u00e1ria.<\/li>\n\n\n\n<li>Registro Profissional no \u00d3rg\u00e3o de Classe Competente: N\u00e3o \u00e9 necess\u00e1rio.<\/li>\n<\/ul>\n\n\n\n<p><strong>Arquivologia <\/strong><\/p>\n\n\n\n<ul>\n<li>Escolaridade: Curso superior completo, em n\u00edvel de gradua\u00e7\u00e3o.<\/li>\n\n\n\n<li>Habilita\u00e7\u00e3o Legal Espec\u00edfica: Curso superior em Arquivologia, devidamente reconhecido.<\/li>\n\n\n\n<li>Experi\u00eancia Profissional: N\u00e3o \u00e9 necess\u00e1ria.<\/li>\n\n\n\n<li>Registro na Delegacia Regional do Trabalho do Minist\u00e9rio do Trabalho e Emprego: \u00c9 necess\u00e1rio.<\/li>\n<\/ul>\n\n\n\n<p><strong>Psiquiatria <\/strong><\/p>\n\n\n\n<ul>\n<li>Escolaridade: Curso superior completo, em n\u00edvel de gradua\u00e7\u00e3o.<\/li>\n\n\n\n<li>Habilita\u00e7\u00e3o Legal Espec\u00edfica: Curso superior em Medicina, com t\u00edtulo ou certificado de especializa\u00e7\u00e3o em Psiquiatria, devidamente reconhecidos.<\/li>\n\n\n\n<li>Experi\u00eancia Profissional: N\u00e3o \u00e9 necess\u00e1ria.<\/li>\n\n\n\n<li>Registro Profissional no \u00d3rg\u00e3o de Classe Competente: \u00c9 necess\u00e1rio.<\/li>\n<\/ul>\n\n\n\n<p><strong>Enfermagem <\/strong><\/p>\n\n\n\n<ul>\n<li>Escolaridade: Curso superior completo, em n\u00edvel de gradua\u00e7\u00e3o.<\/li>\n\n\n\n<li>Habilita\u00e7\u00e3o Legal Espec\u00edfica: Curso superior em Enfermagem, devidamente reconhecido.<\/li>\n\n\n\n<li>Experi\u00eancia Profissional: N\u00e3o \u00e9 necess\u00e1ria.<\/li>\n\n\n\n<li>Registro Profissional no \u00d3rg\u00e3o de Classe Competente: \u00c9 necess\u00e1rio.<\/li>\n<\/ul>\n\n\n\n<h3 class=\"wp-block-heading\">T\u00e9cnico do MPU<\/h3>\n\n\n\n<p><strong>Administra\u00e7\u00e3o <\/strong><\/p>\n\n\n\n<ul>\n<li>Escolaridade: Ensino superior completo, em n\u00edvel de gradua\u00e7\u00e3o.<\/li>\n\n\n\n<li>Habilita\u00e7\u00e3o Legal Espec\u00edfica: Qualquer curso superior, devidamente reconhecido.<\/li>\n\n\n\n<li>Experi\u00eancia Profissional: N\u00e3o \u00e9 necess\u00e1ria.<\/li>\n\n\n\n<li>Registro Profissional no \u00d3rg\u00e3o de Classe Competente: N\u00e3o \u00e9 necess\u00e1rio.<\/li>\n<\/ul>\n\n\n\n<p><strong>Enfermagem <\/strong><\/p>\n\n\n\n<ul>\n<li>Escolaridade: Ensino superior completo, em n\u00edvel de gradua\u00e7\u00e3o.<\/li>\n\n\n\n<li>Habilita\u00e7\u00e3o Legal Espec\u00edfica: Qualquer curso superior, devidamente reconhecido e curso T\u00e9cnico de Enfermagem, devidamente reconhecido.<\/li>\n\n\n\n<li>Experi\u00eancia Profissional: N\u00e3o \u00e9 necess\u00e1ria.<\/li>\n\n\n\n<li>Registro Profissional no \u00d3rg\u00e3o de Classe Competente: \u00c9 necess\u00e1rio.<\/li>\n<\/ul>\n\n\n\n<h3 class=\"wp-block-heading\">Pol\u00edcia Institucional <\/h3>\n\n\n\n<ul>\n<li>Escolaridade: Ensino superior completo, em n\u00edvel de gradua\u00e7\u00e3o.<\/li>\n\n\n\n<li>Habilita\u00e7\u00e3o legal espec\u00edfica: Qualquer curso superior, devidamente reconhecido e aprova\u00e7\u00e3o, como etapa do concurso p\u00fablico, em curso na \u00e1rea de seguran\u00e7a com habilita\u00e7\u00e3o para manuseio e tiro com arma de fogo (Lei n\u00ba 12.694, de 24\/7\/2012); Carteira Nacional de Habilita\u00e7\u00e3o categoria &#8220;B&#8221;.<\/li>\n\n\n\n<li>Experi\u00eancia profissional: N\u00e3o \u00e9 necess\u00e1ria.<\/li>\n\n\n\n<li>Registro profissional no \u00f3rg\u00e3o de classe competente: N\u00e3o \u00e9 necess\u00e1rio.<\/li>\n<\/ul>\n\n\n\n<h2 class=\"wp-block-heading\">Atribui\u00e7\u00f5es dos cargos do concurso MPU<\/h2>\n\n\n\n<p>Confira quais s\u00e3o as atribui\u00e7\u00f5es comuns dos cargos de t\u00e9cnico e analista do concurso MPU: <\/p>\n\n\n\n<p><strong>Analista do Minist\u00e9rio P\u00fablico da Uni\u00e3o<\/strong><\/p>\n\n\n\n<ul>\n<li>assessorar, dentro ou fora do ambiente da sede de trabalho, os membros e as chefias em processos judiciais e administrativos e em procedimentos extrajudiciais;<\/li>\n\n\n\n<li>atuar em processos judiciais e administrativos e em procedimentos extrajudiciais;<\/li>\n\n\n\n<li>assessorar os membros e as chefias em eventos oficiais, audi\u00eancias e dilig\u00eancias;<\/li>\n\n\n\n<li>realizar avalia\u00e7\u00f5es e vistorias;<\/li>\n\n\n\n<li>realizar per\u00edcias quando formalmente designado pelo \u00f3rg\u00e3o competente;<\/li>\n\n\n\n<li>acompanhar o desenvolvimento de trabalhos periciais;<\/li>\n\n\n\n<li>realizar estudos, pesquisas e levantamentos de dados;<\/li>\n\n\n\n<li>elaborar e analisar informa\u00e7\u00f5es, certid\u00f5es, declara\u00e7\u00f5es, laudos, pareceres, relat\u00f3rios e documentos cong\u00eaneres;<\/li>\n\n\n\n<li>elaborar minutas de atos administrativos e normativos;<\/li>\n\n\n\n<li>propor planos, projetos, programas, diretrizes e pol\u00edticas de atua\u00e7\u00e3o;<\/li>\n\n\n\n<li>atuar em atividades, planos, programas, projetos e conv\u00eanios promovendo a inova\u00e7\u00e3o e o aprimoramento das tarefas;<\/li>\n\n\n\n<li>atuar na gest\u00e3o de contratos quando formalmente designado;<\/li>\n\n\n\n<li>participar de reuni\u00f5es, comiss\u00f5es, grupos e equipes de trabalho, seja de forma presencial ou online;<\/li>\n\n\n\n<li>participar do planejamento estrat\u00e9gico institucional e dos planos da sua unidade de atua\u00e7\u00e3o;<\/li>\n\n\n\n<li>promover a gest\u00e3o estrat\u00e9gica de atividades, processos, iniciativas e projetos sob sua responsabilidade, de forma a contribuir com o alcance das metas e dos objetivos institucionais;<\/li>\n\n\n\n<li>observar e zelar pela seguran\u00e7a institucional no \u00e2mbito de sua \u00e1rea de atua\u00e7\u00e3o;<\/li>\n\n\n\n<li>atender presencialmente ou em computadores, telefones ou outros aplicativos estabelecidos, ao p\u00fablico externo ou interno, contemplando aqueles que desejam se comunicar utilizando chat institucional, link institucional de videochamada, correio eletr\u00f4nico institucional, liga\u00e7\u00f5es ou mensagens telef\u00f4nicas;<\/li>\n\n\n\n<li>realizar tratamento de dados e informa\u00e7\u00f5es, inclusive de natureza pessoal, sens\u00edvel ou sigilosa, em meio f\u00edsico ou digital;<\/li>\n\n\n\n<li>prestar informa\u00e7\u00f5es sobre a localiza\u00e7\u00e3o e tramita\u00e7\u00e3o de processos e documentos;<\/li>\n\n\n\n<li>orientar quanto \u00e0 aplica\u00e7\u00e3o das normas internas ou da sua \u00e1rea de atua\u00e7\u00e3o;<\/li>\n\n\n\n<li>contribuir para a melhoria cont\u00ednua dos processos e rotinas de trabalho;<\/li>\n\n\n\n<li>orientar e supervisionar estagi\u00e1rios e aprendizes;<\/li>\n\n\n\n<li>inserir dados e utilizar os sistemas de informa\u00e7\u00e3o corporativos;<\/li>\n\n\n\n<li>observar e zelar pelo cumprimento dos prazos;<\/li>\n\n\n\n<li>realizar tarefas de expediente;<\/li>\n\n\n\n<li>realizar atividades relativas \u00e0 instru\u00e7\u00e3o, tramita\u00e7\u00e3o e movimenta\u00e7\u00e3o de processos, procedimentos e documentos;<\/li>\n\n\n\n<li>manter e controlar o arquivo setorial; e<\/li>\n\n\n\n<li>executar demais atividades necess\u00e1rias ao desempenho do cargo ou outras que eventualmente venham a ser determinadas pela autoridade competente, sempre respeitando, quando for o caso, os limites impostos pelos \u00f3rg\u00e3os de classe.<\/li>\n<\/ul>\n\n\n\n<p><strong>T\u00e9cnico do Minist\u00e9rio P\u00fablico da Uni\u00e3o<\/strong><\/p>\n\n\n\n<ul>\n<li>auxiliar, dentro ou fora do ambiente da sede de trabalho, os membros e as chefias em processos judiciais e administrativos e em procedimentos extrajudiciais;<\/li>\n\n\n\n<li>atuar em processos judiciais e administrativos e em procedimentos extrajudiciais;<\/li>\n\n\n\n<li>auxiliar os membros e as chefias em eventos oficiais, audi\u00eancias e dilig\u00eancias;<\/li>\n\n\n\n<li>elaborar e analisar informa\u00e7\u00f5es, certid\u00f5es, declara\u00e7\u00f5es, relat\u00f3rios e documentos cong\u00eaneres;<\/li>\n\n\n\n<li>elaborar minutas de atos administrativos e normativos;<\/li>\n\n\n\n<li>atuar em atividades, planos, programas, projetos e conv\u00eanios promovendo a inova\u00e7\u00e3o e o aprimoramento das tarefas;<\/li>\n\n\n\n<li>atuar na gest\u00e3o de contratos quando formalmente designado;<\/li>\n\n\n\n<li>realizar estudos, pesquisas e levantamentos de dados;<\/li>\n\n\n\n<li>participar de reuni\u00f5es, comiss\u00f5es, grupos e equipes de trabalho, seja de forma presencial ou online;<\/li>\n\n\n\n<li>promover a gest\u00e3o estrat\u00e9gica de atividades, processos, iniciativas e projetos sob sua responsabilidade, de forma a contribuir com o alcance das metas e dos objetivos institucionais;<\/li>\n\n\n\n<li>observar e zelar pela seguran\u00e7a institucional no \u00e2mbito de sua \u00e1rea de atua\u00e7\u00e3o;<\/li>\n\n\n\n<li>atender presencialmente ou em computadores, telefones ou outros aplicativos estabelecidos, ao p\u00fablico externo ou interno, contemplando aqueles que desejam se comunicar utilizando chat institucional, link institucional de videochamada, correio eletr\u00f4nico institucional, liga\u00e7\u00f5es ou mensagens telef\u00f4nicas;<\/li>\n\n\n\n<li>prestar informa\u00e7\u00f5es sobre a localiza\u00e7\u00e3o e tramita\u00e7\u00e3o de processos e documentos;<\/li>\n\n\n\n<li>realizar tratamento de dados e informa\u00e7\u00f5es, inclusive de natureza pessoal, sens\u00edvel ou sigilosa, em meio f\u00edsico ou digital;<\/li>\n\n\n\n<li>orientar quanto \u00e0 aplica\u00e7\u00e3o das normas internas ou de sua \u00e1rea de atua\u00e7\u00e3o;<\/li>\n\n\n\n<li>contribuir para a melhoria cont\u00ednua dos processos e rotinas de trabalho;<\/li>\n\n\n\n<li>orientar e supervisionar estagi\u00e1rios e aprendizes;<\/li>\n\n\n\n<li>inserir dados e utilizar os sistemas de informa\u00e7\u00e3o corporativos;<\/li>\n\n\n\n<li>observar e zelar pelo cumprimento dos prazos;<\/li>\n\n\n\n<li>realizar tarefas de expediente;<\/li>\n\n\n\n<li>realizar atividades relativas \u00e0 instru\u00e7\u00e3o, tramita\u00e7\u00e3o e movimenta\u00e7\u00e3o de processos, procedimentos e documentos;<\/li>\n\n\n\n<li>manter e controlar o arquivo setorial; e<\/li>\n\n\n\n<li>executar demais atividades necess\u00e1rias ao desempenho do cargo ou outras que eventualmente venham a ser determinadas pela autoridade competente, sempre respeitando, quando for o caso, os limites impostos pelos \u00f3rg\u00e3os de classe.<\/li>\n<\/ul>\n\n\n\n<p><\/p>\n\n\n\n<figure class=\"wp-block-image size-large\"><img loading=\"lazy\" decoding=\"async\" width=\"1170\" height=\"480\" src=\"https:\/\/www.editorasolucao.com.br\/blog\/wp-content\/uploads\/2024\/11\/concurso-mpu-1-1-1170x480.webp\" alt=\"Edital do concurso MPU foi publicado!\" class=\"wp-image-45041\"\/><figcaption class=\"wp-element-caption\"><em>Edital do concurso MPU foi publicado!<\/em><\/figcaption><\/figure>\n\n\n\n<h2 class=\"wp-block-heading\">Como posso me inscrever no concurso MPU?<\/h2>\n\n\n\n<p>Os interessados pelo concurso MPU poder\u00e3o se inscrever a partir das\u00a0<strong>16h do dia 13 de janeiro at\u00e9 \u00e0s 16h do dia 27 de fevereiro de 2025,<\/strong>\u00a0por meio do site da\u00a0Funda\u00e7\u00e3o Get\u00falio Vargas <a href=\"https:\/\/portal.fgv.br\/concursos\" target=\"_blank\" rel=\"noreferrer noopener\">(FGV)<\/a>, banca organizadora respons\u00e1vel pelo certame.<\/p>\n\n\n\n<p>As taxas de inscri\u00e7\u00e3o variam de R$ 95,00 a R$ 120,00, dependendo do cargo. Para homologar sua inscri\u00e7\u00e3o, o candidato deve efetuar o pagamento do boleto banc\u00e1rio at\u00e9 <strong>28 de fevereiro de 2025<\/strong>. <\/p>\n\n\n\n<p>O candidato doador de medula \u00f3ssea ou o candidato inscrito no Cad\u00danico, que perten\u00e7a a fam\u00edlia baixa renda, poder\u00e3o solicitar a isen\u00e7\u00e3o dessas taxas entre os dias&nbsp;<strong>13 e 15 de janeiro.<\/strong><\/p>\n\n\n\n<p><\/p>\n\n\n\n<p>Se interessou pelo concurso MPU? <a href=\"https:\/\/www.editorasolucao.com.br\/blog\/concurso\/mpu\" target=\"_blank\" rel=\"noreferrer noopener\">Confira todos os detalhes!<\/a><\/p>\n","protected":false},"excerpt":{"rendered":"<p>Foi divulgado o edital do concurso MPU que est\u00e1 ofertando 152 vagas de n\u00edveil superior!<\/p>\n","protected":false},"author":21,"featured_media":45040,"comment_status":"closed","ping_status":"closed","sticky":false,"template":"","format":"standard","meta":{"_acf_changed":false,"rank_math_lock_modified_date":false,"footnotes":""},"categories":[51],"tags":[1203],"acf":[],"_links":{"self":[{"href":"https:\/\/www.editorasolucao.com.br\/blog\/wp-json\/wp\/v2\/posts\/45039"}],"collection":[{"href":"https:\/\/www.editorasolucao.com.br\/blog\/wp-json\/wp\/v2\/posts"}],"about":[{"href":"https:\/\/www.editorasolucao.com.br\/blog\/wp-json\/wp\/v2\/types\/post"}],"author":[{"embeddable":true,"href":"https:\/\/www.editorasolucao.com.br\/blog\/wp-json\/wp\/v2\/users\/21"}],"replies":[{"embeddable":true,"href":"https:\/\/www.editorasolucao.com.br\/blog\/wp-json\/wp\/v2\/comments?post=45039"}],"version-history":[{"count":3,"href":"https:\/\/www.editorasolucao.com.br\/blog\/wp-json\/wp\/v2\/posts\/45039\/revisions"}],"predecessor-version":[{"id":49958,"href":"https:\/\/www.editorasolucao.com.br\/blog\/wp-json\/wp\/v2\/posts\/45039\/revisions\/49958"}],"wp:featuredmedia":[{"embeddable":true,"href":"https:\/\/www.editorasolucao.com.br\/blog\/wp-json\/wp\/v2\/media\/45040"}],"wp:attachment":[{"href":"https:\/\/www.editorasolucao.com.br\/blog\/wp-json\/wp\/v2\/media?parent=45039"}],"wp:term":[{"taxonomy":"category","embeddable":true,"href":"https:\/\/www.editorasolucao.com.br\/blog\/wp-json\/wp\/v2\/categories?post=45039"},{"taxonomy":"post_tag","embeddable":true,"href":"https:\/\/www.editorasolucao.com.br\/blog\/wp-json\/wp\/v2\/tags?post=45039"}],"curies":[{"name":"wp","href":"https:\/\/api.w.org\/{rel}","templated":true}]}}